{"id":13101,"date":"2022-07-15T11:23:56","date_gmt":"2022-07-15T16:23:56","guid":{"rendered":"https:\/\/www.derechoshumanos.gob.ec\/?p=13101"},"modified":"2022-07-15T11:23:56","modified_gmt":"2022-07-15T16:23:56","slug":"instituciones-del-estado-articulan-acciones-para-erradicar-la-violencia-de-genero-en-azuay","status":"publish","type":"post","link":"https:\/\/www.ministeriodegobierno.gob.ec\/derechoshumanos\/2022\/07\/15\/instituciones-del-estado-articulan-acciones-para-erradicar-la-violencia-de-genero-en-azuay\/","title":{"rendered":"Instituciones del Estado articulan acciones para erradicar la violencia de g\u00e9nero en Azuay"},"content":{"rendered":"\n<p class=\"has-text-align-right wp-block-paragraph\"><strong>15 de julio de 2022<\/strong><\/p>\n\n\n\n<p class=\"wp-block-paragraph\"><strong>Cuenca, Ecuador.-<\/strong> La secretaria de Derechos Humanos, Paola Flores Jaramillo, instal\u00f3 la Mesa Provincial de Protecci\u00f3n Integral para la Prevenci\u00f3n y Erradicaci\u00f3n de la Violencia de G\u00e9nero, que tiene como finalidad la articulaci\u00f3n de acciones para la protecci\u00f3n de derechos de las ni\u00f1as y adolescentes. Esta actividad se desarroll\u00f3 en la Gobernaci\u00f3n del Azuay, en la ciudad de Cuenca.<\/p>\n\n\n\n<p class=\"wp-block-paragraph\">Durante su intervenci\u00f3n la Secretaria de Estado detall\u00f3 la importancia de generar acciones de prevenci\u00f3n, atenci\u00f3n y erradicaci\u00f3n de todo tipo de violencia de g\u00e9nero, \u201cel Sistema Integra al Ejecutivo desconcentrado, todos los niveles de gobierno, sociedad civil y la Academia, todos debemos ser protagonistas en la protecci\u00f3n de los derechos de ni\u00f1as, adolescentes y mujeres\u201d.<\/p>\n\n\n\n<p class=\"wp-block-paragraph\">A la vez indic\u00f3 que en el Ecuador se ha registrado que al menos 7 de cada 10 mujeres han sufrido alg\u00fan tipo de violencia a lo largo de su vida, sea f\u00edsica, sexual, simb\u00f3lica, pol\u00edtica, psicol\u00f3gica. Por lo que, la propuesta sobre prevenir, atender y sobre todo erradicar estas pr\u00e1cticas machistas que resultan nocivas en la sociedad, es una urgencia\u201d, recalc\u00f3 la Secretaria.<\/p>\n\n\n\n<p class=\"wp-block-paragraph\">Adem\u00e1s indic\u00f3 que con las acciones propuestas se busca:<\/p>\n\n\n\n<ul class=\"wp-block-list\"><li>Articular prevenci\u00f3n, atenci\u00f3n y erradicaci\u00f3n de la Violencia Basada en G\u00e9nero, a nivel provincial.<\/li><li>Generar un espacio colegiado, como parte del Sistema Nacional de Protecci\u00f3n Especial e Integral.<\/li><li>Garantizar que la mesa responda a las necesidades de la provincia del Azuay.<\/li><li>Establecer una agenda de trabajo con mujeres lideresas rurales y urbanas a fin de definir una metodolog\u00eda de participaci\u00f3n y exigibilidad.<\/li><\/ul>\n\n\n\n<p class=\"wp-block-paragraph\">El Gobernador del Azuay, Mat\u00edas Abad, agradeci\u00f3 la realizaci\u00f3n de esta actividad que permite tener acciones concretas y una ruta a seguir en torno a la violencia de g\u00e9nero en la provincia.<\/p>\n\n\n\n<p class=\"wp-block-paragraph\">La actividad cont\u00f3 con la participaci\u00f3n de las autoridades zonales de: Inclusi\u00f3n Econ\u00f3mica y Social, Salud, Educaci\u00f3n, adem\u00e1s de la Secretaria T\u00e9cnica del Consejo Nacional para la Igualdad de G\u00e9nero, y los representantes locales de justicia y seguridad.<\/p>\n\n\n\n<p class=\"wp-block-paragraph\">Desde la Secretar\u00eda de Derechos Humanos seguiremos sumando y articulando acciones para llevar adelante decisiones firmes y as\u00ed cambiar la realidad de las ni\u00f1as, ni\u00f1os, adolescentes y mujeres.<\/p>\n\n\n\n<p class=\"wp-block-paragraph\"><\/p>\n\n\n\n<p class=\"wp-block-paragraph\"><br><\/p>\n\n\n\n<p class=\"wp-block-paragraph\"><\/p>\n","protected":false},"excerpt":{"rendered":"<p class=\"excerpt\">15 de julio de 2022 Cuenca, Ecuador.- La secretaria de Derechos Humanos, Paola Flores Jaramillo, instal\u00f3 la Mesa Provincial de Protecci\u00f3n Integral para la Prevenci\u00f3n y Erradicaci\u00f3n de la Violencia de G\u00e9nero, que tiene como finalidad la articulaci\u00f3n de acciones para la protecci\u00f3n de derechos de las ni\u00f1as y adolescentes. Esta actividad se desarroll\u00f3 en la Gobernaci\u00f3n del Azuay, en&hellip; <a href=\"https:\/\/www.ministeriodegobierno.gob.ec\/derechoshumanos\/2022\/07\/15\/instituciones-del-estado-articulan-acciones-para-erradicar-la-violencia-de-genero-en-azuay\/\">Read more &rarr;<\/a><\/p>\n","protected":false},"author":6,"featured_media":13102,"comment_status":"closed","ping_status":"closed","sticky":false,"template":"","format":"standard","meta":{"footnotes":""},"categories":[20,5,6],"tags":[],"class_list":["post-13101","post","type-post","status-publish","format-standard","has-post-thumbnail","hentry","category-boletin-de-prensa","category-noticias","category-noticias-destacadas","xfolkentry"],"_links":{"self":[{"href":"https:\/\/www.ministeriodegobierno.gob.ec\/derechoshumanos\/wp-json\/wp\/v2\/posts\/13101","targetHints":{"allow":["GET"]}}],"collection":[{"href":"https:\/\/www.ministeriodegobierno.gob.ec\/derechoshumanos\/wp-json\/wp\/v2\/posts"}],"about":[{"href":"https:\/\/www.ministeriodegobierno.gob.ec\/derechoshumanos\/wp-json\/wp\/v2\/types\/post"}],"author":[{"embeddable":true,"href":"https:\/\/www.ministeriodegobierno.gob.ec\/derechoshumanos\/wp-json\/wp\/v2\/users\/6"}],"replies":[{"embeddable":true,"href":"https:\/\/www.ministeriodegobierno.gob.ec\/derechoshumanos\/wp-json\/wp\/v2\/comments?post=13101"}],"version-history":[{"count":1,"href":"https:\/\/www.ministeriodegobierno.gob.ec\/derechoshumanos\/wp-json\/wp\/v2\/posts\/13101\/revisions"}],"predecessor-version":[{"id":13103,"href":"https:\/\/www.ministeriodegobierno.gob.ec\/derechoshumanos\/wp-json\/wp\/v2\/posts\/13101\/revisions\/13103"}],"wp:featuredmedia":[{"embeddable":true,"href":"https:\/\/www.ministeriodegobierno.gob.ec\/derechoshumanos\/wp-json\/wp\/v2\/media\/13102"}],"wp:attachment":[{"href":"https:\/\/www.ministeriodegobierno.gob.ec\/derechoshumanos\/wp-json\/wp\/v2\/media?parent=13101"}],"wp:term":[{"taxonomy":"category","embeddable":true,"href":"https:\/\/www.ministeriodegobierno.gob.ec\/derechoshumanos\/wp-json\/wp\/v2\/categories?post=13101"},{"taxonomy":"post_tag","embeddable":true,"href":"https:\/\/www.ministeriodegobierno.gob.ec\/derechoshumanos\/wp-json\/wp\/v2\/tags?post=13101"}],"curies":[{"name":"wp","href":"https:\/\/api.w.org\/{rel}","templated":true}]}}