{"id":13200,"date":"2022-08-04T10:50:00","date_gmt":"2022-08-04T15:50:00","guid":{"rendered":"https:\/\/www.derechoshumanos.gob.ec\/?p=13200"},"modified":"2022-08-04T10:50:00","modified_gmt":"2022-08-04T15:50:00","slug":"manabi-fue-sede-de-talleres-para-erradicar-y-prevenir-la-violencia","status":"publish","type":"post","link":"https:\/\/www.ministeriodegobierno.gob.ec\/derechoshumanos\/2022\/08\/04\/manabi-fue-sede-de-talleres-para-erradicar-y-prevenir-la-violencia\/","title":{"rendered":"Manab\u00ed fue sede de talleres para erradicar y prevenir la violencia"},"content":{"rendered":"\n<p class=\"wp-block-paragraph\"><strong>Manab\u00ed._<\/strong> Sensibilizar para disminuir los \u00edndices de violencia en la comunidad fue el objetivo del taller que el equipo t\u00e9cnico del Servicio de Protecci\u00f3n Integral imparti\u00f3 en los conjuntos habitacionales de los cantones de Calceta, Bah\u00eda y Rocafuerte. El proceso estuvo dirigido a 51 personas, 18 hombres y 33 mujeres.<\/p>\n\n\n\n<p class=\"wp-block-paragraph\">La actividad, que se desarroll\u00f3 en coordinaci\u00f3n con el Ministerio de Desarrollo Urbano y Vivienda (MIDUVI), tuvo como temas:<\/p>\n\n\n\n<ul class=\"wp-block-list\"><li>Tipos de violencia.<\/li><li>Violencia familiar.<\/li><li>La&nbsp; violencia de g\u00e9nero en la sociedad.<\/li><li>Violencia comunitaria.<\/li><li>Contextos en los que se da la violencia.<\/li><li>Diferencias entre la masculinidad hegem\u00f3nica y no violenta.<\/li><li>La masculinidad tradicional y la violencia de g\u00e9nero como mecanismo para las relaciones de poder.<\/li><\/ul>\n\n\n\n<p class=\"wp-block-paragraph\">Los asistentes conocieron sobre las masculinidades no violentas y aprendieron a identificar y reaccionar ante los tipos de&nbsp; violencias a las que se enfrentan las mujeres a fin de prevenir y erradicar esta problem\u00e1tica.<\/p>\n\n\n\n<p class=\"wp-block-paragraph\">En este sentido, el coordinador de la Oficina T\u00e9cnica 4, Juan Carlos Pe\u00f1afiel, mencion\u00f3 que impartir talleres de sensibilizaci\u00f3n contribuye a reducir el riesgo de violencia y a garantizar ambientes seguros y sanos.&nbsp;<\/p>\n\n\n\n<p class=\"wp-block-paragraph\">Esta cartera de Estado continuar\u00e1 impartiendo charlas para que sean replicadas en cada una de las comunidades a fin de fomentar una cultura de paz.<\/p>\n","protected":false},"excerpt":{"rendered":"<p class=\"excerpt\">Manab\u00ed._ Sensibilizar para disminuir los \u00edndices de violencia en la comunidad fue el objetivo del taller que el equipo t\u00e9cnico del Servicio de Protecci\u00f3n Integral imparti\u00f3 en los conjuntos habitacionales de los cantones de Calceta, Bah\u00eda y Rocafuerte. El proceso estuvo dirigido a 51 personas, 18 hombres y 33 mujeres. La actividad, que se desarroll\u00f3 en coordinaci\u00f3n con el Ministerio&hellip; <a href=\"https:\/\/www.ministeriodegobierno.gob.ec\/derechoshumanos\/2022\/08\/04\/manabi-fue-sede-de-talleres-para-erradicar-y-prevenir-la-violencia\/\">Read more &rarr;<\/a><\/p>\n","protected":false},"author":8,"featured_media":13201,"comment_status":"closed","ping_status":"closed","sticky":false,"template":"","format":"standard","meta":{"footnotes":""},"categories":[20,5,6],"tags":[],"class_list":["post-13200","post","type-post","status-publish","format-standard","has-post-thumbnail","hentry","category-boletin-de-prensa","category-noticias","category-noticias-destacadas","xfolkentry"],"_links":{"self":[{"href":"https:\/\/www.ministeriodegobierno.gob.ec\/derechoshumanos\/wp-json\/wp\/v2\/posts\/13200","targetHints":{"allow":["GET"]}}],"collection":[{"href":"https:\/\/www.ministeriodegobierno.gob.ec\/derechoshumanos\/wp-json\/wp\/v2\/posts"}],"about":[{"href":"https:\/\/www.ministeriodegobierno.gob.ec\/derechoshumanos\/wp-json\/wp\/v2\/types\/post"}],"author":[{"embeddable":true,"href":"https:\/\/www.ministeriodegobierno.gob.ec\/derechoshumanos\/wp-json\/wp\/v2\/users\/8"}],"replies":[{"embeddable":true,"href":"https:\/\/www.ministeriodegobierno.gob.ec\/derechoshumanos\/wp-json\/wp\/v2\/comments?post=13200"}],"version-history":[{"count":1,"href":"https:\/\/www.ministeriodegobierno.gob.ec\/derechoshumanos\/wp-json\/wp\/v2\/posts\/13200\/revisions"}],"predecessor-version":[{"id":13202,"href":"https:\/\/www.ministeriodegobierno.gob.ec\/derechoshumanos\/wp-json\/wp\/v2\/posts\/13200\/revisions\/13202"}],"wp:featuredmedia":[{"embeddable":true,"href":"https:\/\/www.ministeriodegobierno.gob.ec\/derechoshumanos\/wp-json\/wp\/v2\/media\/13201"}],"wp:attachment":[{"href":"https:\/\/www.ministeriodegobierno.gob.ec\/derechoshumanos\/wp-json\/wp\/v2\/media?parent=13200"}],"wp:term":[{"taxonomy":"category","embeddable":true,"href":"https:\/\/www.ministeriodegobierno.gob.ec\/derechoshumanos\/wp-json\/wp\/v2\/categories?post=13200"},{"taxonomy":"post_tag","embeddable":true,"href":"https:\/\/www.ministeriodegobierno.gob.ec\/derechoshumanos\/wp-json\/wp\/v2\/tags?post=13200"}],"curies":[{"name":"wp","href":"https:\/\/api.w.org\/{rel}","templated":true}]}}