{"id":13203,"date":"2022-08-05T12:14:10","date_gmt":"2022-08-05T17:14:10","guid":{"rendered":"https:\/\/www.derechoshumanos.gob.ec\/?p=13203"},"modified":"2022-08-05T12:15:45","modified_gmt":"2022-08-05T17:15:45","slug":"defensores-comunitarios-fueron-capacitados-en-ambato","status":"publish","type":"post","link":"https:\/\/www.ministeriodegobierno.gob.ec\/derechoshumanos\/2022\/08\/05\/defensores-comunitarios-fueron-capacitados-en-ambato\/","title":{"rendered":"Defensores Comunitarios fueron capacitados en Ambato"},"content":{"rendered":"\n<p class=\"wp-block-paragraph\"><strong>Tungurahua, Ecuador._ <\/strong>&nbsp;Socializar los servicios gratuitos de atenci\u00f3n integral&nbsp; que ofrece la Secretar\u00eda de Derechos Humanos y sensibilizar a 18 Defensores Comunitarios de las parroquias del cant\u00f3n Ambato para que puedan identificar casos de violencia, fueron los objetivos del taller denominado: \u201cPrevenci\u00f3n y ruta de acceso en casos de violencia contra mujeres, ni\u00f1as, ni\u00f1os y sus familias\u201d.<\/p>\n\n\n\n<p class=\"wp-block-paragraph\">El equipo t\u00e9cnico del Servicio de Protecci\u00f3n Integral, en coordinaci\u00f3n con el Colectivo Ana de Peralta, dialog\u00f3 sobre:<\/p>\n\n\n\n<ul class=\"wp-block-list\"><li>Que es el Servicio de Protecci\u00f3n Integral<\/li><li>Grupos de atenci\u00f3n<\/li><li>\u00bfCu\u00e1ndo acudir?<\/li><li>\u00bfQu\u00e9 es la violencia?<\/li><li>Factores de riesgo de violencia de pareja y violencia sexual<\/li><li>Tipos de violencia y sus manifestaciones<\/li><li>Medidas administrativas inmediatas de protecci\u00f3n<\/li><li>Ruta de atenci\u00f3n en casos de violencia contra las mujeres<\/li><li>Ruta para otorgamiento de medidas administrativas inmediatas de protecci\u00f3n (MAPIS)<\/li><\/ul>\n\n\n\n<p class=\"wp-block-paragraph\"><em>\u201cBuscamos concientizar a toda la poblaci\u00f3n sobre la detecci\u00f3n temprana de aletas de violencia familiar y de g\u00e9nero a fin de seguir generando&nbsp; espacios profesionales y seguros que brindan atenci\u00f3n mediante un equipo multidisciplinario<\/em>\u201d dijo. Vanessa Barros, coordinadora de la Oficina T\u00e9cnica 3.<\/p>\n\n\n\n<p class=\"wp-block-paragraph\">Continuaremos impartiendo talleres a la ciudadan\u00eda para erradicar la violencia y fomentar la prevenci\u00f3n de vulneraci\u00f3n de derechos de todos y todas los ecuatorianos y ecuatorianas.<\/p>\n","protected":false},"excerpt":{"rendered":"<p class=\"excerpt\">Tungurahua, Ecuador._ &nbsp;Socializar los servicios gratuitos de atenci\u00f3n integral&nbsp; que ofrece la Secretar\u00eda de Derechos Humanos y sensibilizar a 18 Defensores Comunitarios de las parroquias del cant\u00f3n Ambato para que puedan identificar casos de violencia, fueron los objetivos del taller denominado: \u201cPrevenci\u00f3n y ruta de acceso en casos de violencia contra mujeres, ni\u00f1as, ni\u00f1os y sus familias\u201d. El equipo t\u00e9cnico&hellip; <a href=\"https:\/\/www.ministeriodegobierno.gob.ec\/derechoshumanos\/2022\/08\/05\/defensores-comunitarios-fueron-capacitados-en-ambato\/\">Read more &rarr;<\/a><\/p>\n","protected":false},"author":8,"featured_media":13205,"comment_status":"closed","ping_status":"closed","sticky":false,"template":"","format":"standard","meta":{"footnotes":""},"categories":[20,5,6],"tags":[],"class_list":["post-13203","post","type-post","status-publish","format-standard","has-post-thumbnail","hentry","category-boletin-de-prensa","category-noticias","category-noticias-destacadas","xfolkentry"],"_links":{"self":[{"href":"https:\/\/www.ministeriodegobierno.gob.ec\/derechoshumanos\/wp-json\/wp\/v2\/posts\/13203","targetHints":{"allow":["GET"]}}],"collection":[{"href":"https:\/\/www.ministeriodegobierno.gob.ec\/derechoshumanos\/wp-json\/wp\/v2\/posts"}],"about":[{"href":"https:\/\/www.ministeriodegobierno.gob.ec\/derechoshumanos\/wp-json\/wp\/v2\/types\/post"}],"author":[{"embeddable":true,"href":"https:\/\/www.ministeriodegobierno.gob.ec\/derechoshumanos\/wp-json\/wp\/v2\/users\/8"}],"replies":[{"embeddable":true,"href":"https:\/\/www.ministeriodegobierno.gob.ec\/derechoshumanos\/wp-json\/wp\/v2\/comments?post=13203"}],"version-history":[{"count":1,"href":"https:\/\/www.ministeriodegobierno.gob.ec\/derechoshumanos\/wp-json\/wp\/v2\/posts\/13203\/revisions"}],"predecessor-version":[{"id":13206,"href":"https:\/\/www.ministeriodegobierno.gob.ec\/derechoshumanos\/wp-json\/wp\/v2\/posts\/13203\/revisions\/13206"}],"wp:featuredmedia":[{"embeddable":true,"href":"https:\/\/www.ministeriodegobierno.gob.ec\/derechoshumanos\/wp-json\/wp\/v2\/media\/13205"}],"wp:attachment":[{"href":"https:\/\/www.ministeriodegobierno.gob.ec\/derechoshumanos\/wp-json\/wp\/v2\/media?parent=13203"}],"wp:term":[{"taxonomy":"category","embeddable":true,"href":"https:\/\/www.ministeriodegobierno.gob.ec\/derechoshumanos\/wp-json\/wp\/v2\/categories?post=13203"},{"taxonomy":"post_tag","embeddable":true,"href":"https:\/\/www.ministeriodegobierno.gob.ec\/derechoshumanos\/wp-json\/wp\/v2\/tags?post=13203"}],"curies":[{"name":"wp","href":"https:\/\/api.w.org\/{rel}","templated":true}]}}