{"id":13211,"date":"2022-08-09T09:54:56","date_gmt":"2022-08-09T14:54:56","guid":{"rendered":"https:\/\/www.derechoshumanos.gob.ec\/?p=13211"},"modified":"2022-08-09T10:36:59","modified_gmt":"2022-08-09T15:36:59","slug":"caso-de-mujer-transgenero-fallecida-en-lago-agrio-fue-atendido-por-el-servicio-de-proteccion-integral","status":"publish","type":"post","link":"https:\/\/www.ministeriodegobierno.gob.ec\/derechoshumanos\/2022\/08\/09\/caso-de-mujer-transgenero-fallecida-en-lago-agrio-fue-atendido-por-el-servicio-de-proteccion-integral\/","title":{"rendered":"Caso de mujer transg\u00e9nero fallecida en Lago Agrio fue atendido por el Servicio de Protecci\u00f3n Integral"},"content":{"rendered":"\n<p class=\"wp-block-paragraph\"><\/p>\n\n\n\n<p class=\"wp-block-paragraph\"><strong>Lago Agrio, Ecuador.- <\/strong>Con la finalidad de coordinar acciones para la atenci\u00f3n integral en caso de mujer trans quien tuvo una muerte natural en la provincia de Orellana, se activ\u00f3 el Servicio de Protecci\u00f3n Integral (SPI).<\/p>\n\n\n\n<p class=\"wp-block-paragraph\">Al conocer que la fallecida resid\u00eda en Lago Agrio, la l\u00edder del SPI, Daniela Rueda, articul\u00f3 acciones para la velaci\u00f3n y sepelio, pues la fallecida &nbsp;no ten\u00eda familiares en el pa\u00eds y fue v\u00edctima de m\u00faltiples vulneraciones de derechos.<\/p>\n\n\n\n<p class=\"wp-block-paragraph\">Los profesionales del Servicio de Protecci\u00f3n Integral brindaron acompa\u00f1amiento, primeros auxilios psicol\u00f3gicos y contenci\u00f3n emocional a los amigos y allegados de la mujer trans.<\/p>\n\n\n\n<p class=\"wp-block-paragraph\">Por medio de la directora de la Unidad de Acci\u00f3n Social, Marisol L\u00f3pez, se coordin\u00f3 que, a trav\u00e9s de la Alcald\u00eda, se proporcione un nicho para la sepultura. Adem\u00e1s, se gestion\u00f3 el transporte hasta el cementerio para los allegados de la fallecida. Por su parte, el Centro de Atenci\u00f3n Puerta Violeta colabor\u00f3 con sillas que fueron prestadas para el uso de las personas que acudieron al lugar de velaci\u00f3n.<\/p>\n\n\n\n<p class=\"wp-block-paragraph\">La Viceprefectura de Sucumb\u00edos colabor\u00f3 con un veh\u00edculo para el traslado del f\u00e9retro y UNFPA realiz\u00f3 las gestiones para el sellamiento de la b\u00f3veda.<\/p>\n\n\n\n<p class=\"wp-block-paragraph\">Las acciones interinstitucionales buscaron dar una digna sepultura. La Secretar\u00eda de Derechos Humanos trabaja por los derechos y un trato digno a las personas de la poblaci\u00f3n LGBTI+.<\/p>\n","protected":false},"excerpt":{"rendered":"<p class=\"excerpt\">Lago Agrio, Ecuador.- Con la finalidad de coordinar acciones para la atenci\u00f3n integral en caso de mujer trans quien tuvo una muerte natural en la provincia de Orellana, se activ\u00f3 el Servicio de Protecci\u00f3n Integral (SPI). Al conocer que la fallecida resid\u00eda en Lago Agrio, la l\u00edder del SPI, Daniela Rueda, articul\u00f3 acciones para la velaci\u00f3n y sepelio, pues la&hellip; <a href=\"https:\/\/www.ministeriodegobierno.gob.ec\/derechoshumanos\/2022\/08\/09\/caso-de-mujer-transgenero-fallecida-en-lago-agrio-fue-atendido-por-el-servicio-de-proteccion-integral\/\">Read more &rarr;<\/a><\/p>\n","protected":false},"author":6,"featured_media":13258,"comment_status":"closed","ping_status":"closed","sticky":false,"template":"","format":"standard","meta":{"footnotes":""},"categories":[20,5,6],"tags":[],"class_list":["post-13211","post","type-post","status-publish","format-standard","has-post-thumbnail","hentry","category-boletin-de-prensa","category-noticias","category-noticias-destacadas","xfolkentry"],"_links":{"self":[{"href":"https:\/\/www.ministeriodegobierno.gob.ec\/derechoshumanos\/wp-json\/wp\/v2\/posts\/13211","targetHints":{"allow":["GET"]}}],"collection":[{"href":"https:\/\/www.ministeriodegobierno.gob.ec\/derechoshumanos\/wp-json\/wp\/v2\/posts"}],"about":[{"href":"https:\/\/www.ministeriodegobierno.gob.ec\/derechoshumanos\/wp-json\/wp\/v2\/types\/post"}],"author":[{"embeddable":true,"href":"https:\/\/www.ministeriodegobierno.gob.ec\/derechoshumanos\/wp-json\/wp\/v2\/users\/6"}],"replies":[{"embeddable":true,"href":"https:\/\/www.ministeriodegobierno.gob.ec\/derechoshumanos\/wp-json\/wp\/v2\/comments?post=13211"}],"version-history":[{"count":2,"href":"https:\/\/www.ministeriodegobierno.gob.ec\/derechoshumanos\/wp-json\/wp\/v2\/posts\/13211\/revisions"}],"predecessor-version":[{"id":13213,"href":"https:\/\/www.ministeriodegobierno.gob.ec\/derechoshumanos\/wp-json\/wp\/v2\/posts\/13211\/revisions\/13213"}],"wp:featuredmedia":[{"embeddable":true,"href":"https:\/\/www.ministeriodegobierno.gob.ec\/derechoshumanos\/wp-json\/wp\/v2\/media\/13258"}],"wp:attachment":[{"href":"https:\/\/www.ministeriodegobierno.gob.ec\/derechoshumanos\/wp-json\/wp\/v2\/media?parent=13211"}],"wp:term":[{"taxonomy":"category","embeddable":true,"href":"https:\/\/www.ministeriodegobierno.gob.ec\/derechoshumanos\/wp-json\/wp\/v2\/categories?post=13211"},{"taxonomy":"post_tag","embeddable":true,"href":"https:\/\/www.ministeriodegobierno.gob.ec\/derechoshumanos\/wp-json\/wp\/v2\/tags?post=13211"}],"curies":[{"name":"wp","href":"https:\/\/api.w.org\/{rel}","templated":true}]}}