{"id":13279,"date":"2022-08-09T16:50:20","date_gmt":"2022-08-09T21:50:20","guid":{"rendered":"https:\/\/www.derechoshumanos.gob.ec\/?p=13279"},"modified":"2022-08-09T16:50:21","modified_gmt":"2022-08-09T21:50:21","slug":"policia-nacional-se-capacita-para-prevencion-de-la-violencia-en-cuenca","status":"publish","type":"post","link":"https:\/\/www.ministeriodegobierno.gob.ec\/derechoshumanos\/2022\/08\/09\/policia-nacional-se-capacita-para-prevencion-de-la-violencia-en-cuenca\/","title":{"rendered":"<strong>Polic\u00eda Nacional se capacita para prevenci\u00f3n de la violencia en Cuenca<\/strong>"},"content":{"rendered":"\n<p class=\"wp-block-paragraph\"><strong>Cuenca, Ecuador.- \u00a0<\/strong>El Servicio de Protecci\u00f3n Integral de la Secretar\u00eda de Derechos Humanos realiz\u00f3 varios talleres a 120 miembros de la Polic\u00eda Nacional entre el 19 y el 28 de de julio con el tema: \u201cAtenci\u00f3n a v\u00edctimas de violencia de g\u00e9nero\u201d.<\/p>\n\n\n\n<p class=\"wp-block-paragraph\">El objetivo de estos encuentros fue capacitar en temas de comunicaci\u00f3n asertiva en g\u00e9nero, roles de g\u00e9nero, respeto DDHH y atenci\u00f3n en el primer abordaje hacia mujeres, ni\u00f1os, ni\u00f1as, v\u00edctimas de violencia, para as\u00ed mejorar las respuestas a estas situaciones y conseguir un cambio en el modelo de relaci\u00f3n social.<\/p>\n\n\n\n<p class=\"wp-block-paragraph\">Durante los talleres Jorge Valdivieso, director Zonal 6 de la Secretar\u00eda, se\u00f1al\u00f3 la importancia de sensibilizar y erradicar la violencia de g\u00e9nero desde su campo laboral, considerando las funciones policiales y su atenci\u00f3n adecuada en primera instancia ante estos hechos.<\/p>\n\n\n\n<p class=\"wp-block-paragraph\">El sargento de la Polic\u00eda Judicial, Alejandro Ojeda, mencion\u00f3 que estos espacios son de inter\u00e9s para aprender, conocer y desarrollar habilidades que permitir\u00e1n ejercer el trabajo con mayor empat\u00eda.<\/p>\n","protected":false},"excerpt":{"rendered":"<p class=\"excerpt\">Cuenca, Ecuador.- \u00a0El Servicio de Protecci\u00f3n Integral de la Secretar\u00eda de Derechos Humanos realiz\u00f3 varios talleres a 120 miembros de la Polic\u00eda Nacional entre el 19 y el 28 de de julio con el tema: \u201cAtenci\u00f3n a v\u00edctimas de violencia de g\u00e9nero\u201d. El objetivo de estos encuentros fue capacitar en temas de comunicaci\u00f3n asertiva en g\u00e9nero, roles de g\u00e9nero, respeto&hellip; <a href=\"https:\/\/www.ministeriodegobierno.gob.ec\/derechoshumanos\/2022\/08\/09\/policia-nacional-se-capacita-para-prevencion-de-la-violencia-en-cuenca\/\">Read more &rarr;<\/a><\/p>\n","protected":false},"author":6,"featured_media":13280,"comment_status":"closed","ping_status":"closed","sticky":false,"template":"","format":"standard","meta":{"footnotes":""},"categories":[20,5,6],"tags":[],"class_list":["post-13279","post","type-post","status-publish","format-standard","has-post-thumbnail","hentry","category-boletin-de-prensa","category-noticias","category-noticias-destacadas","xfolkentry"],"_links":{"self":[{"href":"https:\/\/www.ministeriodegobierno.gob.ec\/derechoshumanos\/wp-json\/wp\/v2\/posts\/13279","targetHints":{"allow":["GET"]}}],"collection":[{"href":"https:\/\/www.ministeriodegobierno.gob.ec\/derechoshumanos\/wp-json\/wp\/v2\/posts"}],"about":[{"href":"https:\/\/www.ministeriodegobierno.gob.ec\/derechoshumanos\/wp-json\/wp\/v2\/types\/post"}],"author":[{"embeddable":true,"href":"https:\/\/www.ministeriodegobierno.gob.ec\/derechoshumanos\/wp-json\/wp\/v2\/users\/6"}],"replies":[{"embeddable":true,"href":"https:\/\/www.ministeriodegobierno.gob.ec\/derechoshumanos\/wp-json\/wp\/v2\/comments?post=13279"}],"version-history":[{"count":1,"href":"https:\/\/www.ministeriodegobierno.gob.ec\/derechoshumanos\/wp-json\/wp\/v2\/posts\/13279\/revisions"}],"predecessor-version":[{"id":13281,"href":"https:\/\/www.ministeriodegobierno.gob.ec\/derechoshumanos\/wp-json\/wp\/v2\/posts\/13279\/revisions\/13281"}],"wp:featuredmedia":[{"embeddable":true,"href":"https:\/\/www.ministeriodegobierno.gob.ec\/derechoshumanos\/wp-json\/wp\/v2\/media\/13280"}],"wp:attachment":[{"href":"https:\/\/www.ministeriodegobierno.gob.ec\/derechoshumanos\/wp-json\/wp\/v2\/media?parent=13279"}],"wp:term":[{"taxonomy":"category","embeddable":true,"href":"https:\/\/www.ministeriodegobierno.gob.ec\/derechoshumanos\/wp-json\/wp\/v2\/categories?post=13279"},{"taxonomy":"post_tag","embeddable":true,"href":"https:\/\/www.ministeriodegobierno.gob.ec\/derechoshumanos\/wp-json\/wp\/v2\/tags?post=13279"}],"curies":[{"name":"wp","href":"https:\/\/api.w.org\/{rel}","templated":true}]}}