{"id":13293,"date":"2022-08-12T11:16:26","date_gmt":"2022-08-12T16:16:26","guid":{"rendered":"https:\/\/www.derechoshumanos.gob.ec\/?p=13293"},"modified":"2022-08-12T11:16:27","modified_gmt":"2022-08-12T16:16:27","slug":"secretaria-de-derechos-humanos-fortalece-la-atencion-a-mujeres-victimas-de-violencia-en-la-casa-maria-amor-en-cuenca","status":"publish","type":"post","link":"https:\/\/www.ministeriodegobierno.gob.ec\/derechoshumanos\/2022\/08\/12\/secretaria-de-derechos-humanos-fortalece-la-atencion-a-mujeres-victimas-de-violencia-en-la-casa-maria-amor-en-cuenca\/","title":{"rendered":"Secretar\u00eda de Derechos Humanos fortalece\u00a0la atenci\u00f3n a mujeres\u00a0v\u00edctimas\u00a0de violencia en la casa Mar\u00eda\u00a0Amor en Cuenca"},"content":{"rendered":"\n<p class=\"wp-block-paragraph\"><\/p>\n\n\n\n<p class=\"wp-block-paragraph\"><strong>Cuenca, Ecuador.-<\/strong>\u00a0Aproximadamente 100 mujeres quienes han sido v\u00edctimas de violencia de g\u00e9nero se benefician con los servicios que brinda la casa de acogida Mar\u00eda Amor en la ciudad de Cuenca. Estos procesos se ven fortalecidos gracias a la inversi\u00f3n que realiza la Secretar\u00eda de Derechos Humanos con el\u00a0objetivo de fortalecer la atenci\u00f3n a este grupo prioritario y dentro de la pol\u00edtica del Gobierno Nacional para prevenir y erradicar la violencia.<\/p>\n\n\n\n<p class=\"wp-block-paragraph\">En total son $ 106.731,48 que recibir\u00e1 durante 2022 esta casa. El compromiso del Gobierno Nacional con este y otros espacios fue ratificado durante la visita realizada por el presidente de la Rep\u00fablica, Guillermo Lasso Mendoza, junto a la secretaria de Derechos Humanos, Paola Flores Jaramillo, y el ministro de Inclusi\u00f3n Econ\u00f3mica y Social, Esteban Bernal.<\/p>\n\n\n\n<p class=\"wp-block-paragraph\">El presidente Lasso&nbsp;se\u00f1al\u00f3 que&nbsp;la decisi\u00f3n del Gobierno Nacional&nbsp;es&nbsp;fortalecer al sector social, siendo este una prioridad, lo que ha permitido que durante este a\u00f1o y tres meses se realice una inversi\u00f3n mucho mayor que la que realizaron, anualmente, los anteriores gobiernos.<\/p>\n\n\n\n<p class=\"wp-block-paragraph\">De su lado la secretaria de Derechos Humanos se\u00f1al\u00f3 que&nbsp;las acciones conjuntas permiten &nbsp;generar informaci\u00f3n precisa sobre las realidades que afrontamos en territorio, para aportar en el desarrollo de soluciones inclusivas con proyectos, programas, sistemas de protecci\u00f3n integral y organizaci\u00f3n sectorial.<\/p>\n\n\n\n<p class=\"wp-block-paragraph\">La Secretar\u00eda de Derechos Humanos, como ente rector de la pol\u00edtica p\u00fablica de prevenci\u00f3n de la violencia contra mujeres, ni\u00f1as, ni\u00f1os y adolescentes, y en su compromiso para el fortalecimiento a organizaciones sociales sin fines de lucro que brindan atenci\u00f3n a mujeres v\u00edctimas de violencia, firm\u00f3 21 convenios y para durante el 2022 se entregar\u00e1 un total de $ 2&#8217;084,903.05 que permitir\u00e1n a estos espacios funcionar sin inconvenientes.<\/p>\n","protected":false},"excerpt":{"rendered":"<p class=\"excerpt\">Cuenca, Ecuador.-\u00a0Aproximadamente 100 mujeres quienes han sido v\u00edctimas de violencia de g\u00e9nero se benefician con los servicios que brinda la casa de acogida Mar\u00eda Amor en la ciudad de Cuenca. Estos procesos se ven fortalecidos gracias a la inversi\u00f3n que realiza la Secretar\u00eda de Derechos Humanos con el\u00a0objetivo de fortalecer la atenci\u00f3n a este grupo prioritario y dentro de la&hellip; <a href=\"https:\/\/www.ministeriodegobierno.gob.ec\/derechoshumanos\/2022\/08\/12\/secretaria-de-derechos-humanos-fortalece-la-atencion-a-mujeres-victimas-de-violencia-en-la-casa-maria-amor-en-cuenca\/\">Read more &rarr;<\/a><\/p>\n","protected":false},"author":6,"featured_media":13294,"comment_status":"closed","ping_status":"closed","sticky":false,"template":"","format":"standard","meta":{"footnotes":""},"categories":[20,5,6],"tags":[],"class_list":["post-13293","post","type-post","status-publish","format-standard","has-post-thumbnail","hentry","category-boletin-de-prensa","category-noticias","category-noticias-destacadas","xfolkentry"],"_links":{"self":[{"href":"https:\/\/www.ministeriodegobierno.gob.ec\/derechoshumanos\/wp-json\/wp\/v2\/posts\/13293","targetHints":{"allow":["GET"]}}],"collection":[{"href":"https:\/\/www.ministeriodegobierno.gob.ec\/derechoshumanos\/wp-json\/wp\/v2\/posts"}],"about":[{"href":"https:\/\/www.ministeriodegobierno.gob.ec\/derechoshumanos\/wp-json\/wp\/v2\/types\/post"}],"author":[{"embeddable":true,"href":"https:\/\/www.ministeriodegobierno.gob.ec\/derechoshumanos\/wp-json\/wp\/v2\/users\/6"}],"replies":[{"embeddable":true,"href":"https:\/\/www.ministeriodegobierno.gob.ec\/derechoshumanos\/wp-json\/wp\/v2\/comments?post=13293"}],"version-history":[{"count":1,"href":"https:\/\/www.ministeriodegobierno.gob.ec\/derechoshumanos\/wp-json\/wp\/v2\/posts\/13293\/revisions"}],"predecessor-version":[{"id":13295,"href":"https:\/\/www.ministeriodegobierno.gob.ec\/derechoshumanos\/wp-json\/wp\/v2\/posts\/13293\/revisions\/13295"}],"wp:featuredmedia":[{"embeddable":true,"href":"https:\/\/www.ministeriodegobierno.gob.ec\/derechoshumanos\/wp-json\/wp\/v2\/media\/13294"}],"wp:attachment":[{"href":"https:\/\/www.ministeriodegobierno.gob.ec\/derechoshumanos\/wp-json\/wp\/v2\/media?parent=13293"}],"wp:term":[{"taxonomy":"category","embeddable":true,"href":"https:\/\/www.ministeriodegobierno.gob.ec\/derechoshumanos\/wp-json\/wp\/v2\/categories?post=13293"},{"taxonomy":"post_tag","embeddable":true,"href":"https:\/\/www.ministeriodegobierno.gob.ec\/derechoshumanos\/wp-json\/wp\/v2\/tags?post=13293"}],"curies":[{"name":"wp","href":"https:\/\/api.w.org\/{rel}","templated":true}]}}