{"id":13296,"date":"2022-08-15T12:27:56","date_gmt":"2022-08-15T17:27:56","guid":{"rendered":"https:\/\/www.derechoshumanos.gob.ec\/?p=13296"},"modified":"2022-08-15T12:37:11","modified_gmt":"2022-08-15T17:37:11","slug":"nabon-tendra-la-primera-casa-de-acogida-para-mujeres-rurales-en-latinoamerica","status":"publish","type":"post","link":"https:\/\/www.ministeriodegobierno.gob.ec\/derechoshumanos\/2022\/08\/15\/nabon-tendra-la-primera-casa-de-acogida-para-mujeres-rurales-en-latinoamerica\/","title":{"rendered":"Nab\u00f3n tendr\u00e1 la primera casa de acogida para mujeres rurales en Latinoam\u00e9rica"},"content":{"rendered":"\n<p class=\"wp-block-paragraph\"><\/p>\n\n\n\n<p class=\"wp-block-paragraph\"><strong>Nab\u00f3n, Ecuador.- <\/strong>Con la finalidad de trabajar por los derechos de las ni\u00f1as, adolescentes y mujeres, la Secretar\u00eda de Derechos Humanos estableci\u00f3 el Pacto por la Mujer Rural, mismo que fue presentado, el viernes 12 de agosto, en el marco de los 35 a\u00f1os de cantonizaci\u00f3n de Nab\u00f3n (Azuay), con la presencia del presidente de la Rep\u00fablica, Guillermo Lasso.<\/p>\n\n\n\n<p class=\"wp-block-paragraph\">Entre los objetivos del Pacto se establece:<\/p>\n\n\n\n<ul class=\"wp-block-list\"><li>Formulaci\u00f3n de la pol\u00edtica p\u00fablica para la implementaci\u00f3n del Pacto de la Mujer Rural.<\/li><li>Implementaci\u00f3n de la primera casa de acogida en Latinoam\u00e9rica las mujeres rurales v\u00edctimas de violencia en Nab\u00f3n.<\/li><li>Coordinadora con el Gobierno Aut\u00f3nomo de Nab\u00f3n para el fortalecimiento del sistema de protecci\u00f3n con una oficina en territorio.<\/li><li>Prevenci\u00f3n de la violencia a trav\u00e9s del fortalecimiento de las Asociaciones de Mujeres.<\/li><\/ul>\n\n\n\n<p class=\"wp-block-paragraph\">La secretaria de Derechos Humanos, Paola Flores Jaramillo, resalt\u00f3 el compromiso del Gobierno del Encuentro para construir una propuesta de pol\u00edtica p\u00fablica enfocada en las mujeres, ni\u00f1as y adultas mayores de la ruralidad, dirigiendo los esfuerzos y la inversi\u00f3n p\u00fablica de las diferentes funciones del Estado y sobre todo del Gobierno Nacional en la ruralidad, el territorio y con enfoque de g\u00e9nero.<\/p>\n\n\n\n<p class=\"wp-block-paragraph\">Al respecto el Presidente de la Rep\u00fablica indic\u00f3 la importancia de trabajar en conjunto a fin de fortalecer los proyectos sociales en el pa\u00eds, \u201cpara hacerlo, trabajaremos juntos: municipio, prefectura y gobierno. Es un ejemplo de que cuando todos aportamos a un proyecto de beneficio colectivo, podemos lograr grandes cosas\u201d.<\/p>\n","protected":false},"excerpt":{"rendered":"<p class=\"excerpt\">Nab\u00f3n, Ecuador.- Con la finalidad de trabajar por los derechos de las ni\u00f1as, adolescentes y mujeres, la Secretar\u00eda de Derechos Humanos estableci\u00f3 el Pacto por la Mujer Rural, mismo que fue presentado, el viernes 12 de agosto, en el marco de los 35 a\u00f1os de cantonizaci\u00f3n de Nab\u00f3n (Azuay), con la presencia del presidente de la Rep\u00fablica, Guillermo Lasso. Entre&hellip; <a href=\"https:\/\/www.ministeriodegobierno.gob.ec\/derechoshumanos\/2022\/08\/15\/nabon-tendra-la-primera-casa-de-acogida-para-mujeres-rurales-en-latinoamerica\/\">Read more &rarr;<\/a><\/p>\n","protected":false},"author":6,"featured_media":13297,"comment_status":"closed","ping_status":"closed","sticky":false,"template":"","format":"standard","meta":{"footnotes":""},"categories":[20,5,6],"tags":[],"class_list":["post-13296","post","type-post","status-publish","format-standard","has-post-thumbnail","hentry","category-boletin-de-prensa","category-noticias","category-noticias-destacadas","xfolkentry"],"_links":{"self":[{"href":"https:\/\/www.ministeriodegobierno.gob.ec\/derechoshumanos\/wp-json\/wp\/v2\/posts\/13296","targetHints":{"allow":["GET"]}}],"collection":[{"href":"https:\/\/www.ministeriodegobierno.gob.ec\/derechoshumanos\/wp-json\/wp\/v2\/posts"}],"about":[{"href":"https:\/\/www.ministeriodegobierno.gob.ec\/derechoshumanos\/wp-json\/wp\/v2\/types\/post"}],"author":[{"embeddable":true,"href":"https:\/\/www.ministeriodegobierno.gob.ec\/derechoshumanos\/wp-json\/wp\/v2\/users\/6"}],"replies":[{"embeddable":true,"href":"https:\/\/www.ministeriodegobierno.gob.ec\/derechoshumanos\/wp-json\/wp\/v2\/comments?post=13296"}],"version-history":[{"count":2,"href":"https:\/\/www.ministeriodegobierno.gob.ec\/derechoshumanos\/wp-json\/wp\/v2\/posts\/13296\/revisions"}],"predecessor-version":[{"id":13300,"href":"https:\/\/www.ministeriodegobierno.gob.ec\/derechoshumanos\/wp-json\/wp\/v2\/posts\/13296\/revisions\/13300"}],"wp:featuredmedia":[{"embeddable":true,"href":"https:\/\/www.ministeriodegobierno.gob.ec\/derechoshumanos\/wp-json\/wp\/v2\/media\/13297"}],"wp:attachment":[{"href":"https:\/\/www.ministeriodegobierno.gob.ec\/derechoshumanos\/wp-json\/wp\/v2\/media?parent=13296"}],"wp:term":[{"taxonomy":"category","embeddable":true,"href":"https:\/\/www.ministeriodegobierno.gob.ec\/derechoshumanos\/wp-json\/wp\/v2\/categories?post=13296"},{"taxonomy":"post_tag","embeddable":true,"href":"https:\/\/www.ministeriodegobierno.gob.ec\/derechoshumanos\/wp-json\/wp\/v2\/tags?post=13296"}],"curies":[{"name":"wp","href":"https:\/\/api.w.org\/{rel}","templated":true}]}}