{"id":13306,"date":"2022-08-17T11:05:04","date_gmt":"2022-08-17T16:05:04","guid":{"rendered":"https:\/\/www.derechoshumanos.gob.ec\/?p=13306"},"modified":"2022-08-17T11:07:44","modified_gmt":"2022-08-17T16:07:44","slug":"santa-cruz-fue-sede-de-taller-sobre-comunicacion-asertiva","status":"publish","type":"post","link":"https:\/\/www.ministeriodegobierno.gob.ec\/derechoshumanos\/2022\/08\/17\/santa-cruz-fue-sede-de-taller-sobre-comunicacion-asertiva\/","title":{"rendered":"Santa Cruz fue sede de taller sobre comunicaci\u00f3n asertiva"},"content":{"rendered":"\n<p class=\"wp-block-paragraph\"><\/p>\n\n\n\n<p class=\"wp-block-paragraph\"><strong>Santa Cruz, 17 de agosto de 2022.- <\/strong>El Servicio de Protecci\u00f3n Integral (SPI) de Santa Cruz, en articulaci\u00f3n con la Tenencia Pol\u00edtica de Bellavista y Consejo de Gobierno del R\u00e9gimen Especial de Gal\u00e1pagos, brind\u00f3 un taller sobre comunicaci\u00f3n asertiva que cont\u00f3 con la presencia de 15 ciudadanos y ciudadanas del Barrio Gordon Wolf de la Parroquia Rural de Bellavista en Gal\u00e1pagos.<\/p>\n\n\n\n<p class=\"wp-block-paragraph\">En este espacio, los participantes conocieron sobre la prevenci\u00f3n de cualquier tipolog\u00eda de violencia, \u00bfc\u00f3mo se origina? \u00bfPor qu\u00e9 nos dirigimos de una manera inadecuada hacia las dem\u00e1s personas?&nbsp; Y las consecuencias de la comunicaci\u00f3n violenta que, a largo plazo, afecta de manera interpersonal y comunitario.<\/p>\n\n\n\n<p class=\"wp-block-paragraph\">Con dramatizaciones y charlas se explicaron los tipos de violencia. Adicionalmente, se dieron a conocer las rutas de atenci\u00f3n en el caso de sufrir alg\u00fan tipo de violencia y servicios que brinda el Servicio de Protecci\u00f3n Integral en territorio.<\/p>\n\n\n\n<p class=\"wp-block-paragraph\">Este espacio complementa el trabajo realizado en el marco del programa: barrios libres de violencia, que se desarroll\u00f3 de casa en casa y con l\u00edderes barriales.<\/p>\n\n\n\n<p class=\"wp-block-paragraph\">Como Secretar\u00eda de Derechos Humanos, por medio de los Servicios de Protecci\u00f3n Integral y mediante la articulaci\u00f3n con las instituciones que forman parte del sistema de protecci\u00f3n se hace posible la prevenci\u00f3n, se brinda la oportuna atenci\u00f3n, orientaci\u00f3n y asesoramiento a las familias para que\u00a0 puedan establecer un ambiente de paz.<\/p>\n","protected":false},"excerpt":{"rendered":"<p class=\"excerpt\">Santa Cruz, 17 de agosto de 2022.- El Servicio de Protecci\u00f3n Integral (SPI) de Santa Cruz, en articulaci\u00f3n con la Tenencia Pol\u00edtica de Bellavista y Consejo de Gobierno del R\u00e9gimen Especial de Gal\u00e1pagos, brind\u00f3 un taller sobre comunicaci\u00f3n asertiva que cont\u00f3 con la presencia de 15 ciudadanos y ciudadanas del Barrio Gordon Wolf de la Parroquia Rural de Bellavista en&hellip; <a href=\"https:\/\/www.ministeriodegobierno.gob.ec\/derechoshumanos\/2022\/08\/17\/santa-cruz-fue-sede-de-taller-sobre-comunicacion-asertiva\/\">Read more &rarr;<\/a><\/p>\n","protected":false},"author":6,"featured_media":13307,"comment_status":"closed","ping_status":"closed","sticky":false,"template":"","format":"standard","meta":{"footnotes":""},"categories":[20,5,6],"tags":[],"class_list":["post-13306","post","type-post","status-publish","format-standard","has-post-thumbnail","hentry","category-boletin-de-prensa","category-noticias","category-noticias-destacadas","xfolkentry"],"_links":{"self":[{"href":"https:\/\/www.ministeriodegobierno.gob.ec\/derechoshumanos\/wp-json\/wp\/v2\/posts\/13306","targetHints":{"allow":["GET"]}}],"collection":[{"href":"https:\/\/www.ministeriodegobierno.gob.ec\/derechoshumanos\/wp-json\/wp\/v2\/posts"}],"about":[{"href":"https:\/\/www.ministeriodegobierno.gob.ec\/derechoshumanos\/wp-json\/wp\/v2\/types\/post"}],"author":[{"embeddable":true,"href":"https:\/\/www.ministeriodegobierno.gob.ec\/derechoshumanos\/wp-json\/wp\/v2\/users\/6"}],"replies":[{"embeddable":true,"href":"https:\/\/www.ministeriodegobierno.gob.ec\/derechoshumanos\/wp-json\/wp\/v2\/comments?post=13306"}],"version-history":[{"count":3,"href":"https:\/\/www.ministeriodegobierno.gob.ec\/derechoshumanos\/wp-json\/wp\/v2\/posts\/13306\/revisions"}],"predecessor-version":[{"id":13311,"href":"https:\/\/www.ministeriodegobierno.gob.ec\/derechoshumanos\/wp-json\/wp\/v2\/posts\/13306\/revisions\/13311"}],"wp:featuredmedia":[{"embeddable":true,"href":"https:\/\/www.ministeriodegobierno.gob.ec\/derechoshumanos\/wp-json\/wp\/v2\/media\/13307"}],"wp:attachment":[{"href":"https:\/\/www.ministeriodegobierno.gob.ec\/derechoshumanos\/wp-json\/wp\/v2\/media?parent=13306"}],"wp:term":[{"taxonomy":"category","embeddable":true,"href":"https:\/\/www.ministeriodegobierno.gob.ec\/derechoshumanos\/wp-json\/wp\/v2\/categories?post=13306"},{"taxonomy":"post_tag","embeddable":true,"href":"https:\/\/www.ministeriodegobierno.gob.ec\/derechoshumanos\/wp-json\/wp\/v2\/tags?post=13306"}],"curies":[{"name":"wp","href":"https:\/\/api.w.org\/{rel}","templated":true}]}}