{"id":13350,"date":"2022-08-24T15:25:08","date_gmt":"2022-08-24T20:25:08","guid":{"rendered":"https:\/\/www.derechoshumanos.gob.ec\/?p=13350"},"modified":"2022-08-24T15:25:09","modified_gmt":"2022-08-24T20:25:09","slug":"zamora-chinchipe-toma-acciones-para-disminuir-brechas-de-genero","status":"publish","type":"post","link":"https:\/\/www.ministeriodegobierno.gob.ec\/derechoshumanos\/2022\/08\/24\/zamora-chinchipe-toma-acciones-para-disminuir-brechas-de-genero\/","title":{"rendered":"Zamora Chinchipe toma acciones para disminuir brechas de g\u00e9nero"},"content":{"rendered":"\n<p class=\"wp-block-paragraph\"><\/p>\n\n\n\n<p class=\"wp-block-paragraph\"><strong>Zamora, 24 de agosto de 2022.- <\/strong>En Zamora, el equipo del Servicio de Protecci\u00f3n Integral particip\u00f3 como ponente en la capacitaci\u00f3n sobre \u201cNuevas masculinidades, prevenci\u00f3n de violencia y rutas y protocolos para el otorgamiento de Medidas Administrativas inmediatas de Protecci\u00f3n (MAPIS)\u201d.<\/p>\n\n\n\n<p class=\"wp-block-paragraph\">La actividad cont\u00f3 con la participaci\u00f3n de 51 personas, 36 mujeres y 15 hombres de diversas organizaciones sociales, concejalas del cant\u00f3n Zamora, Yantzaza, El Pangui, Nangaritza, personal del Ministerio de Agricultura y Ganader\u00eda (MAGAP), funcionarios del Gobierno Aut\u00f3nomo Descentralizado Provincial de Zamora y PROAmazonia.<\/p>\n\n\n\n<p class=\"wp-block-paragraph\">Las tem\u00e1ticas fueron: nuevas masculinidades; sensibilizaci\u00f3n en temas de violencia, consecuencias, tipos y \u00e1mbitos de la violencia contra las mujeres y miembros del n\u00facleo familiar; rutas de atenci\u00f3n y denuncia en caso de violencia contra las mujeres o miembros del n\u00facleo familiar en el \u00e1mbito administrativo y judicial.<\/p>\n\n\n\n<p class=\"wp-block-paragraph\">Ericka Hidalgo, t\u00e9cnica de Plataformas Territoriales Amazon\u00eda Sur, manifest\u00f3: \u201cagradecemos a la Secretar\u00eda de Derechos Humanos por sumarse a este grupo de trabajo en pro de la eliminaci\u00f3n de las brechas de g\u00e9nero existentes en la provincia y toda la Amazon\u00eda que si bien como hemos visto la regi\u00f3n Amaz\u00f3nica dobla el porcentaje de violencia a diferencia de los n\u00fameros nacionales\u201d.<\/p>\n\n\n\n<p class=\"wp-block-paragraph\">Sophia Cueva Mej\u00eda, coordinadora de la Oficina T\u00e9cnica, indic\u00f3: \u201cpromover actividades con distintos actores nos permite como Estado fortalecer el trabajo en el eje preventivo en toda la Zona 7, esto nos permite llegar a m\u00e1s personas de la ciudadan\u00eda y por ende a trabajar para erradicar las brechas de g\u00e9nero y todas las formas de violencia\u201d.<\/p>\n","protected":false},"excerpt":{"rendered":"<p class=\"excerpt\">Zamora, 24 de agosto de 2022.- En Zamora, el equipo del Servicio de Protecci\u00f3n Integral particip\u00f3 como ponente en la capacitaci\u00f3n sobre \u201cNuevas masculinidades, prevenci\u00f3n de violencia y rutas y protocolos para el otorgamiento de Medidas Administrativas inmediatas de Protecci\u00f3n (MAPIS)\u201d. La actividad cont\u00f3 con la participaci\u00f3n de 51 personas, 36 mujeres y 15 hombres de diversas organizaciones sociales, concejalas&hellip; <a href=\"https:\/\/www.ministeriodegobierno.gob.ec\/derechoshumanos\/2022\/08\/24\/zamora-chinchipe-toma-acciones-para-disminuir-brechas-de-genero\/\">Read more &rarr;<\/a><\/p>\n","protected":false},"author":6,"featured_media":13351,"comment_status":"closed","ping_status":"closed","sticky":false,"template":"","format":"standard","meta":{"footnotes":""},"categories":[20,5,6],"tags":[],"class_list":["post-13350","post","type-post","status-publish","format-standard","has-post-thumbnail","hentry","category-boletin-de-prensa","category-noticias","category-noticias-destacadas","xfolkentry"],"_links":{"self":[{"href":"https:\/\/www.ministeriodegobierno.gob.ec\/derechoshumanos\/wp-json\/wp\/v2\/posts\/13350","targetHints":{"allow":["GET"]}}],"collection":[{"href":"https:\/\/www.ministeriodegobierno.gob.ec\/derechoshumanos\/wp-json\/wp\/v2\/posts"}],"about":[{"href":"https:\/\/www.ministeriodegobierno.gob.ec\/derechoshumanos\/wp-json\/wp\/v2\/types\/post"}],"author":[{"embeddable":true,"href":"https:\/\/www.ministeriodegobierno.gob.ec\/derechoshumanos\/wp-json\/wp\/v2\/users\/6"}],"replies":[{"embeddable":true,"href":"https:\/\/www.ministeriodegobierno.gob.ec\/derechoshumanos\/wp-json\/wp\/v2\/comments?post=13350"}],"version-history":[{"count":1,"href":"https:\/\/www.ministeriodegobierno.gob.ec\/derechoshumanos\/wp-json\/wp\/v2\/posts\/13350\/revisions"}],"predecessor-version":[{"id":13352,"href":"https:\/\/www.ministeriodegobierno.gob.ec\/derechoshumanos\/wp-json\/wp\/v2\/posts\/13350\/revisions\/13352"}],"wp:featuredmedia":[{"embeddable":true,"href":"https:\/\/www.ministeriodegobierno.gob.ec\/derechoshumanos\/wp-json\/wp\/v2\/media\/13351"}],"wp:attachment":[{"href":"https:\/\/www.ministeriodegobierno.gob.ec\/derechoshumanos\/wp-json\/wp\/v2\/media?parent=13350"}],"wp:term":[{"taxonomy":"category","embeddable":true,"href":"https:\/\/www.ministeriodegobierno.gob.ec\/derechoshumanos\/wp-json\/wp\/v2\/categories?post=13350"},{"taxonomy":"post_tag","embeddable":true,"href":"https:\/\/www.ministeriodegobierno.gob.ec\/derechoshumanos\/wp-json\/wp\/v2\/tags?post=13350"}],"curies":[{"name":"wp","href":"https:\/\/api.w.org\/{rel}","templated":true}]}}