{"id":13396,"date":"2022-08-26T16:26:13","date_gmt":"2022-08-26T21:26:13","guid":{"rendered":"https:\/\/www.derechoshumanos.gob.ec\/?p=13396"},"modified":"2022-08-26T16:26:14","modified_gmt":"2022-08-26T21:26:14","slug":"esmeraldas-liderada-por-mujeres-desde-sus-propias-voces","status":"publish","type":"post","link":"https:\/\/www.ministeriodegobierno.gob.ec\/derechoshumanos\/2022\/08\/26\/esmeraldas-liderada-por-mujeres-desde-sus-propias-voces\/","title":{"rendered":"Esmeraldas liderada por \u201cMujeres desde sus propias voces\u201d"},"content":{"rendered":"\n<p class=\"wp-block-paragraph\">Esmeraldas, 26 de agosto de 2022.- La Secretar\u00eda de Derechos Humanos con el apoyo del Programa SI Frontera y programa Uni\u00f3n Europea para Frontera Norte: Territorio de Desarrollo y Paz implementado por GIZ, en coordinaci\u00f3n con FLACSO, realiz\u00f3 la primera Escuela de Formaci\u00f3n de Lideresas \u201cMujeres desde sus Propias Voces\u201d, en Esmeraldas.<\/p>\n\n\n\n<p class=\"wp-block-paragraph\">30 mujeres de las nacionalidades \u00c9pera y Chachi, y del pueblo afroecuatoriano de las zonas rurales del Ecuador, participaron del 24 al 26 de agosto en jornadas acad\u00e9micas que buscan fomentar su participaci\u00f3n activa en los espacios de toma de decisiones.<\/p>\n\n\n\n<p class=\"wp-block-paragraph\">Desde la Secretar\u00eda de Derechos Humanos fortalecemos a las organizaciones sociales de mujeres a trav\u00e9s de un espacio de formaci\u00f3n y sensibilizaci\u00f3n para potenciar el liderazgo de la mujer en la participaci\u00f3n ciudadana.<br>Estos talleres se realizar\u00e1n en las provincias de: Sucumb\u00edos, Santo Domingo de los Ts\u00e1chilas e Imbabura en septiembre y octubre respectivamente; y luego uno en modadlidad virtual que se desarrolar\u00e1 una vez concluida la fase presencial.<\/p>\n\n\n\n<p class=\"wp-block-paragraph\">Temas como: Ge\u0301nero e Interculturalidad; Sistema Electoral y Comunicaci\u00f3n Pol\u00edtica fueron abordados por Ivette Vallejo, Fernando Garc\u00eda e Isabel Ramos docentes de la FLACSO.<br>Adem\u00e1s, se desarrollaron dos ponencias magistrales por parte de Epsy Campbell, ex vicepresidenta de Costa Rica quien habl\u00f3 sobre los retos de la mujer afrodescendiente en la construccio\u0301n de nuevos liderazgos en la poli\u0301tica latinoamericana, recalc\u00f3 \u201cla capacidad de escucha y liderazgo colaborativo, y no competitivo, nos permiten ser incluyentes y alcanzar nuestros objetivos colectivos, comunitarios e individuales\u201d. Mientras que la vicealcaldesa de San Lorenzo, Doris Cortez, abord\u00f3 el tema: La pol\u00edtica en la pr\u00e1ctica.<br>Mar\u00eda Lucero Capena, de la nacionalidad \u00c9pera dijo que esta capacitaci\u00f3n ha sido de gran ayuda para aportar en su comunidad: \u201cel amor es fundamental para tener el impulso de realizar cosas de nuevas, de capacitarnos, ser mejores personas y ser un respaldo para m\u00e1s mujeres que en algunos casos no tienen las mismas oportunidades\u201d.<br>Para Cecilia A\u00f1apa de la Cruz de la nacionalidad Chachi \u201cesta Escuela de Lideresas nos da la oportunidad de conocer temas importantes y replicar estos conocimientos con las mujeres de mi comunidad y as\u00ed tener mayor participaci\u00f3n en varios espacios\u201d, manifest\u00f3.<\/p>\n","protected":false},"excerpt":{"rendered":"<p class=\"excerpt\">Esmeraldas, 26 de agosto de 2022.- La Secretar\u00eda de Derechos Humanos con el apoyo del Programa SI Frontera y programa Uni\u00f3n Europea para Frontera Norte: Territorio de Desarrollo y Paz implementado por GIZ, en coordinaci\u00f3n con FLACSO, realiz\u00f3 la primera Escuela de Formaci\u00f3n de Lideresas \u201cMujeres desde sus Propias Voces\u201d, en Esmeraldas. 30 mujeres de las nacionalidades \u00c9pera y Chachi,&hellip; <a href=\"https:\/\/www.ministeriodegobierno.gob.ec\/derechoshumanos\/2022\/08\/26\/esmeraldas-liderada-por-mujeres-desde-sus-propias-voces\/\">Read more &rarr;<\/a><\/p>\n","protected":false},"author":8,"featured_media":0,"comment_status":"closed","ping_status":"closed","sticky":false,"template":"","format":"standard","meta":{"footnotes":""},"categories":[20,5,6],"tags":[],"class_list":["post-13396","post","type-post","status-publish","format-standard","hentry","category-boletin-de-prensa","category-noticias","category-noticias-destacadas","xfolkentry"],"_links":{"self":[{"href":"https:\/\/www.ministeriodegobierno.gob.ec\/derechoshumanos\/wp-json\/wp\/v2\/posts\/13396","targetHints":{"allow":["GET"]}}],"collection":[{"href":"https:\/\/www.ministeriodegobierno.gob.ec\/derechoshumanos\/wp-json\/wp\/v2\/posts"}],"about":[{"href":"https:\/\/www.ministeriodegobierno.gob.ec\/derechoshumanos\/wp-json\/wp\/v2\/types\/post"}],"author":[{"embeddable":true,"href":"https:\/\/www.ministeriodegobierno.gob.ec\/derechoshumanos\/wp-json\/wp\/v2\/users\/8"}],"replies":[{"embeddable":true,"href":"https:\/\/www.ministeriodegobierno.gob.ec\/derechoshumanos\/wp-json\/wp\/v2\/comments?post=13396"}],"version-history":[{"count":1,"href":"https:\/\/www.ministeriodegobierno.gob.ec\/derechoshumanos\/wp-json\/wp\/v2\/posts\/13396\/revisions"}],"predecessor-version":[{"id":13397,"href":"https:\/\/www.ministeriodegobierno.gob.ec\/derechoshumanos\/wp-json\/wp\/v2\/posts\/13396\/revisions\/13397"}],"wp:attachment":[{"href":"https:\/\/www.ministeriodegobierno.gob.ec\/derechoshumanos\/wp-json\/wp\/v2\/media?parent=13396"}],"wp:term":[{"taxonomy":"category","embeddable":true,"href":"https:\/\/www.ministeriodegobierno.gob.ec\/derechoshumanos\/wp-json\/wp\/v2\/categories?post=13396"},{"taxonomy":"post_tag","embeddable":true,"href":"https:\/\/www.ministeriodegobierno.gob.ec\/derechoshumanos\/wp-json\/wp\/v2\/tags?post=13396"}],"curies":[{"name":"wp","href":"https:\/\/api.w.org\/{rel}","templated":true}]}}