{"id":13404,"date":"2022-08-31T10:21:57","date_gmt":"2022-08-31T15:21:57","guid":{"rendered":"https:\/\/www.derechoshumanos.gob.ec\/?p=13404"},"modified":"2022-08-31T11:04:45","modified_gmt":"2022-08-31T16:04:45","slug":"ecuador-participa-en-el-seminario-sobre-el-desarrollo-sostenible-en-guatemala","status":"publish","type":"post","link":"https:\/\/www.ministeriodegobierno.gob.ec\/derechoshumanos\/2022\/08\/31\/ecuador-participa-en-el-seminario-sobre-el-desarrollo-sostenible-en-guatemala\/","title":{"rendered":"La Secretar\u00eda de Derechos Humanos participa en el seminario sobre el Desarrollo Sostenible en Guatemala"},"content":{"rendered":"\n<p class=\"wp-block-paragraph\"><strong>Guatemala, 31 de agosto del 2022<\/strong>.- En el marco de la conmemoraci\u00f3n del D\u00eda Internacional de los Pueblos Ind\u00edgenas, la Secretar\u00eda de Derechos Humanos particip\u00f3 en el seminario: \u00abDesarrollo Sostenible desde la visi\u00f3n de los Pueblos Ind\u00edgenas, experiencias comparadas de Am\u00e9rica\u201d organizado por la Comisi\u00f3n Presidencial contra la Discriminaci\u00f3n y el Racismo contra los Pueblos Ind\u00edgenas (CODISRA) que se llevar\u00e1 a cabo hasta el 31 de agosto del 2022 en la ciudad de Guatemala.<\/p>\n\n\n\n<p class=\"wp-block-paragraph\">El objetivo de este encuentro es dialogar sobre las visiones, experiencias y&nbsp; avances actuales sobre los Pueblos Ind\u00edgenas en: Bolivia, M\u00e9xico, Ecuador y Guatemala. En este sentido, la subsecretaria de Nacionalidades, Pueblos y Movimientos Sociales, Samia M\u00e1rmol realiz\u00f3 una intervenci\u00f3n en la que expuso los avances de Ecuador para el reconocimiento a los pueblos ind\u00edgenas, desaf\u00edos y desarrollo sostenible desde la perspectiva ind\u00edgena.<\/p>\n\n\n\n<p class=\"wp-block-paragraph\">Adem\u00e1s, las acciones emprendidas por la secretaria de Derechos Humanos, &nbsp;Paola Flores Jaramillo, se han reflejado en la Escuela de Lideresas dirigida a mujeres de varias nacionalidades del Ecuador para fortalecer su liderazgo en beneficio personal y colectivo de las organizaciones a las cuales representan.<\/p>\n\n\n\n<p class=\"wp-block-paragraph\">En el primer d\u00eda de seminario se imparti\u00f3 la metodolog\u00eda de exposiciones y el segundo lo cerrar\u00e1n con mesas de di\u00e1logo para generar acciones a favor de los pueblos ind\u00edgenas.<\/p>\n\n\n\n<p class=\"wp-block-paragraph\"><em>\u201cQuiero reconocer a las mujeres ind\u00edgenas que defienden sus territorios, su libertad, quienes trabajan sembrando sue\u00f1os, esperanzas y siendo agentes de cambio en sus propios espacios\u201d<\/em> mencion\u00f3 Samia M\u00e1rmol.<\/p>\n\n\n\n<p class=\"wp-block-paragraph\">Desde el Gobierno del Encuentro se afirma al Estado Ecuatoriano como plurinacional e intercultural, ratificando y fortaleciendo que los pueblos y nacionalidades gozar\u00e1n de los derechos garantizados en la Constituci\u00f3n y en los instrumentos internacionales.<\/p>\n","protected":false},"excerpt":{"rendered":"<p class=\"excerpt\">Guatemala, 31 de agosto del 2022.- En el marco de la conmemoraci\u00f3n del D\u00eda Internacional de los Pueblos Ind\u00edgenas, la Secretar\u00eda de Derechos Humanos particip\u00f3 en el seminario: \u00abDesarrollo Sostenible desde la visi\u00f3n de los Pueblos Ind\u00edgenas, experiencias comparadas de Am\u00e9rica\u201d organizado por la Comisi\u00f3n Presidencial contra la Discriminaci\u00f3n y el Racismo contra los Pueblos Ind\u00edgenas (CODISRA) que se llevar\u00e1&hellip; <a href=\"https:\/\/www.ministeriodegobierno.gob.ec\/derechoshumanos\/2022\/08\/31\/ecuador-participa-en-el-seminario-sobre-el-desarrollo-sostenible-en-guatemala\/\">Read more &rarr;<\/a><\/p>\n","protected":false},"author":8,"featured_media":13405,"comment_status":"closed","ping_status":"closed","sticky":false,"template":"","format":"standard","meta":{"footnotes":""},"categories":[20,5,6],"tags":[],"class_list":["post-13404","post","type-post","status-publish","format-standard","has-post-thumbnail","hentry","category-boletin-de-prensa","category-noticias","category-noticias-destacadas","xfolkentry"],"_links":{"self":[{"href":"https:\/\/www.ministeriodegobierno.gob.ec\/derechoshumanos\/wp-json\/wp\/v2\/posts\/13404","targetHints":{"allow":["GET"]}}],"collection":[{"href":"https:\/\/www.ministeriodegobierno.gob.ec\/derechoshumanos\/wp-json\/wp\/v2\/posts"}],"about":[{"href":"https:\/\/www.ministeriodegobierno.gob.ec\/derechoshumanos\/wp-json\/wp\/v2\/types\/post"}],"author":[{"embeddable":true,"href":"https:\/\/www.ministeriodegobierno.gob.ec\/derechoshumanos\/wp-json\/wp\/v2\/users\/8"}],"replies":[{"embeddable":true,"href":"https:\/\/www.ministeriodegobierno.gob.ec\/derechoshumanos\/wp-json\/wp\/v2\/comments?post=13404"}],"version-history":[{"count":6,"href":"https:\/\/www.ministeriodegobierno.gob.ec\/derechoshumanos\/wp-json\/wp\/v2\/posts\/13404\/revisions"}],"predecessor-version":[{"id":13413,"href":"https:\/\/www.ministeriodegobierno.gob.ec\/derechoshumanos\/wp-json\/wp\/v2\/posts\/13404\/revisions\/13413"}],"wp:featuredmedia":[{"embeddable":true,"href":"https:\/\/www.ministeriodegobierno.gob.ec\/derechoshumanos\/wp-json\/wp\/v2\/media\/13405"}],"wp:attachment":[{"href":"https:\/\/www.ministeriodegobierno.gob.ec\/derechoshumanos\/wp-json\/wp\/v2\/media?parent=13404"}],"wp:term":[{"taxonomy":"category","embeddable":true,"href":"https:\/\/www.ministeriodegobierno.gob.ec\/derechoshumanos\/wp-json\/wp\/v2\/categories?post=13404"},{"taxonomy":"post_tag","embeddable":true,"href":"https:\/\/www.ministeriodegobierno.gob.ec\/derechoshumanos\/wp-json\/wp\/v2\/tags?post=13404"}],"curies":[{"name":"wp","href":"https:\/\/api.w.org\/{rel}","templated":true}]}}