{"id":13435,"date":"2022-08-30T14:01:00","date_gmt":"2022-08-30T19:01:00","guid":{"rendered":"https:\/\/www.derechoshumanos.gob.ec\/?p=13435"},"modified":"2022-12-27T14:47:33","modified_gmt":"2022-12-27T19:47:33","slug":"inicia-la-socializacion-del-plan-de-accion-de-diversidades-en-guayaquil","status":"publish","type":"post","link":"https:\/\/www.ministeriodegobierno.gob.ec\/derechoshumanos\/2022\/08\/30\/inicia-la-socializacion-del-plan-de-accion-de-diversidades-en-guayaquil\/","title":{"rendered":"Inicia la socializaci\u00f3n del Plan de Acci\u00f3n de Diversidades en Guayaquil"},"content":{"rendered":"\r\n<p class=\"wp-block-paragraph\">&nbsp;<\/p>\r\n\r\n\r\n\r\n<p class=\"wp-block-paragraph\"><strong>Guayquil, 30 de agosto de 2022.-<\/strong>\u00a0Representantes de varias organizaciones de la sociedad civil participaron en la socializaci\u00f3n del Plan de Acci\u00f3n de Diversidades que se realiz\u00f3 en Guayaquil.<\/p>\r\n\r\n\r\n\r\n<p class=\"wp-block-paragraph\">El subsecretario de Diversidades, Alexander Guano Monteros, dio a conocer el proceso de construcci\u00f3n del documento que se realiz\u00f3 de manera participativa y que tiene 148 acciones especificas para la poblaci\u00f3n LGBTI+.<\/p>\r\n\r\n\r\n\r\n<p class=\"wp-block-paragraph\">Esta herramienta para construir pol\u00edtica p\u00fablica \u00a0permitir\u00e1 tener datos oficiales que visibilizar\u00e1n\u00a0la realidad de la poblaci\u00f3n\u00a0LGBTI+.<\/p>\r\n\r\n\r\n\r\n<p class=\"wp-block-paragraph\">El Plan de Acci\u00f3n de Diversidades tiene 4 ejes que buscan:<\/p>\r\n\r\n\r\n\r\n<p class=\"wp-block-paragraph\">&#8211;\u00a0Prevenir\u00a0la violencia y discriminaci\u00f3n.<\/p>\r\n\r\n\r\n\r\n<p class=\"wp-block-paragraph\">&#8211;\u00a0Garantizar\u00a0el derecho a bienes y servicios institucionales.<\/p>\r\n\r\n\r\n\r\n<p class=\"wp-block-paragraph\">&#8211;\u00a0Programar la restituci\u00f3n de derechos.<\/p>\r\n\r\n\r\n\r\n<p class=\"wp-block-paragraph\">&#8211;\u00a0Fortalecer las capacidades institucionales.<\/p>\r\n\r\n\r\n\r\n<p class=\"wp-block-paragraph\">El Plan de Acci\u00f3n de Diversidades fue creado en el marco del cumplimiento del compromiso 7 del Plan de Acci\u00f3n de Gobierno Abierto Ecuador 2019-2022 que determina \u00bb Co-creaci\u00f3n del Plan Nacional de Prevenci\u00f3n y Erradicaci\u00f3n de la Violencia contra las mujeres y de G\u00e9nero y creaci\u00f3n de un observatorio ciudadano de violencia de g\u00e9nero y diversidades sexo \u2013 gen\u00e9ricas.<\/p>\r\n\r\n\r\n\r\n<p class=\"wp-block-paragraph\">El Subsecretario recalc\u00f3 que la participaci\u00f3n de las organizaciones sociales en todas las acciones que desarrolla la Secretar\u00eda de Derechos Humanos por medio de la Subsecretar\u00eda de Diversidades es de vital importancia para el trabajo por los derechos de la poblaci\u00f3n LGBTI+, y que es una responsabilidad del Estado promover espacios de espacios seguros, resilientes, igualitarios, inclusivos y respetuosos de la diversidad.<\/p>\r\n","protected":false},"excerpt":{"rendered":"<p class=\"excerpt\">&nbsp; Guayquil, 30 de agosto de 2022.-\u00a0Representantes de varias organizaciones de la sociedad civil participaron en la socializaci\u00f3n del Plan de Acci\u00f3n de Diversidades que se realiz\u00f3 en Guayaquil. El subsecretario de Diversidades, Alexander Guano Monteros, dio a conocer el proceso de construcci\u00f3n del documento que se realiz\u00f3 de manera participativa y que tiene 148 acciones especificas para la poblaci\u00f3n&hellip; <a href=\"https:\/\/www.ministeriodegobierno.gob.ec\/derechoshumanos\/2022\/08\/30\/inicia-la-socializacion-del-plan-de-accion-de-diversidades-en-guayaquil\/\">Read more &rarr;<\/a><\/p>\n","protected":false},"author":6,"featured_media":13436,"comment_status":"closed","ping_status":"closed","sticky":false,"template":"","format":"standard","meta":{"footnotes":""},"categories":[20,5,6],"tags":[],"class_list":["post-13435","post","type-post","status-publish","format-standard","has-post-thumbnail","hentry","category-boletin-de-prensa","category-noticias","category-noticias-destacadas","xfolkentry"],"_links":{"self":[{"href":"https:\/\/www.ministeriodegobierno.gob.ec\/derechoshumanos\/wp-json\/wp\/v2\/posts\/13435","targetHints":{"allow":["GET"]}}],"collection":[{"href":"https:\/\/www.ministeriodegobierno.gob.ec\/derechoshumanos\/wp-json\/wp\/v2\/posts"}],"about":[{"href":"https:\/\/www.ministeriodegobierno.gob.ec\/derechoshumanos\/wp-json\/wp\/v2\/types\/post"}],"author":[{"embeddable":true,"href":"https:\/\/www.ministeriodegobierno.gob.ec\/derechoshumanos\/wp-json\/wp\/v2\/users\/6"}],"replies":[{"embeddable":true,"href":"https:\/\/www.ministeriodegobierno.gob.ec\/derechoshumanos\/wp-json\/wp\/v2\/comments?post=13435"}],"version-history":[{"count":2,"href":"https:\/\/www.ministeriodegobierno.gob.ec\/derechoshumanos\/wp-json\/wp\/v2\/posts\/13435\/revisions"}],"predecessor-version":[{"id":14273,"href":"https:\/\/www.ministeriodegobierno.gob.ec\/derechoshumanos\/wp-json\/wp\/v2\/posts\/13435\/revisions\/14273"}],"wp:featuredmedia":[{"embeddable":true,"href":"https:\/\/www.ministeriodegobierno.gob.ec\/derechoshumanos\/wp-json\/wp\/v2\/media\/13436"}],"wp:attachment":[{"href":"https:\/\/www.ministeriodegobierno.gob.ec\/derechoshumanos\/wp-json\/wp\/v2\/media?parent=13435"}],"wp:term":[{"taxonomy":"category","embeddable":true,"href":"https:\/\/www.ministeriodegobierno.gob.ec\/derechoshumanos\/wp-json\/wp\/v2\/categories?post=13435"},{"taxonomy":"post_tag","embeddable":true,"href":"https:\/\/www.ministeriodegobierno.gob.ec\/derechoshumanos\/wp-json\/wp\/v2\/tags?post=13435"}],"curies":[{"name":"wp","href":"https:\/\/api.w.org\/{rel}","templated":true}]}}