{"id":13449,"date":"2022-09-07T15:54:21","date_gmt":"2022-09-07T20:54:21","guid":{"rendered":"https:\/\/www.derechoshumanos.gob.ec\/?p=13449"},"modified":"2022-09-07T15:54:22","modified_gmt":"2022-09-07T20:54:22","slug":"secretaria-de-derechos-humanos-fortalece-la-lucha-contra-la-violencia-de-genero-en-cuenca","status":"publish","type":"post","link":"https:\/\/www.ministeriodegobierno.gob.ec\/derechoshumanos\/2022\/09\/07\/secretaria-de-derechos-humanos-fortalece-la-lucha-contra-la-violencia-de-genero-en-cuenca\/","title":{"rendered":"Secretar\u00eda de Derechos Humanos fortalece la lucha contra la violencia de g\u00e9nero en Cuenca"},"content":{"rendered":"\n<p class=\"wp-block-paragraph\"><strong>Cuenca, 7 de septiembre de 2022.-<\/strong> A trav\u00e9s de la Subsecretar\u00eda de Prevenci\u00f3n y Erradicaci\u00f3n de la Violencia contra Mujeres, Ni\u00f1as, Ni\u00f1os y Adolescente de la Secretar\u00eda de Derechos Humanos, lideramos las acciones en el cant\u00f3n Cuenca para la erradicaci\u00f3n de violencia de g\u00e9nero.<\/p>\n\n\n\n<p class=\"wp-block-paragraph\">En este marco, se realiz\u00f3 en las instalaciones de la Gobernaci\u00f3n del Azuay un taller junto a los integrantes de la Mesa Cantonal de Erradicaci\u00f3n de Violencia de G\u00e9nero para fortalecer el Sistema Nacional Integral para Prevenir y Erradicar la Violencia de G\u00e9nero contra la Mujer.<\/p>\n\n\n\n<p class=\"wp-block-paragraph\">Ana Toledo, subsecretaria de de Prevenci\u00f3n y Erradicaci\u00f3n de la Violencia contra Mujeres, Ni\u00f1as, Ni\u00f1os y Adolescentes, destac\u00f3 la importancia de desarrollar procesos en todo el territorio nacional que permitan no solo visibilizar los actos de violencia de g\u00e9nero sino generar acciones para prevenir y erradicar esta y otros tipos de violencia.<\/p>\n\n\n\n<p class=\"wp-block-paragraph\">La actividad, que cont\u00f3 con la participaci\u00f3n de los integrantes de la Mesa Cantonal de Erradicaci\u00f3n de Violencia de G\u00e9nero de Cuenca, permitir\u00e1 fortalecer un sistema integral y multidisciplinario.<\/p>\n\n\n\n<p class=\"wp-block-paragraph\">En este marco:<\/p>\n\n\n\n<ul class=\"wp-block-list\"><li>&nbsp;Trabajamos en un modelo de gesti\u00f3n para el sistema de protecci\u00f3n de derechos con procesos participativos desde las instituciones en lo local.<\/li><li>Elaboramos el registro \u00fanico de violencia, como determina la ley, y lo implementaremos sobre todo en las provincias con mayor \u00edndice de violencia como Azuay.<\/li><li>Articulamos el plan nacional de erradicaci\u00f3n de violencia con lo planes locales para que los GAD, en el marco de sus competencias, ejecuten acciones a favor de los derechos de las mujeres.<\/li><\/ul>\n\n\n\n<p class=\"wp-block-paragraph\">Estas actividades se dan gracias a la visi\u00f3n de la secretaria &nbsp;de Derechos Humanos, Paola Flores Jaramillo, para trabajar, a nivel nacional, en la prevenci\u00f3n y erradicaci\u00f3n de la violencia de g\u00e9nero.<\/p>\n","protected":false},"excerpt":{"rendered":"<p class=\"excerpt\">Cuenca, 7 de septiembre de 2022.- A trav\u00e9s de la Subsecretar\u00eda de Prevenci\u00f3n y Erradicaci\u00f3n de la Violencia contra Mujeres, Ni\u00f1as, Ni\u00f1os y Adolescente de la Secretar\u00eda de Derechos Humanos, lideramos las acciones en el cant\u00f3n Cuenca para la erradicaci\u00f3n de violencia de g\u00e9nero. En este marco, se realiz\u00f3 en las instalaciones de la Gobernaci\u00f3n del Azuay un taller junto&hellip; <a href=\"https:\/\/www.ministeriodegobierno.gob.ec\/derechoshumanos\/2022\/09\/07\/secretaria-de-derechos-humanos-fortalece-la-lucha-contra-la-violencia-de-genero-en-cuenca\/\">Read more &rarr;<\/a><\/p>\n","protected":false},"author":10,"featured_media":13450,"comment_status":"closed","ping_status":"closed","sticky":false,"template":"","format":"standard","meta":{"footnotes":""},"categories":[20,26,19,5,6],"tags":[],"class_list":["post-13449","post","type-post","status-publish","format-standard","has-post-thumbnail","hentry","category-boletin-de-prensa","category-derechos-humanos","category-la-secretaria","category-noticias","category-noticias-destacadas","xfolkentry"],"_links":{"self":[{"href":"https:\/\/www.ministeriodegobierno.gob.ec\/derechoshumanos\/wp-json\/wp\/v2\/posts\/13449","targetHints":{"allow":["GET"]}}],"collection":[{"href":"https:\/\/www.ministeriodegobierno.gob.ec\/derechoshumanos\/wp-json\/wp\/v2\/posts"}],"about":[{"href":"https:\/\/www.ministeriodegobierno.gob.ec\/derechoshumanos\/wp-json\/wp\/v2\/types\/post"}],"author":[{"embeddable":true,"href":"https:\/\/www.ministeriodegobierno.gob.ec\/derechoshumanos\/wp-json\/wp\/v2\/users\/10"}],"replies":[{"embeddable":true,"href":"https:\/\/www.ministeriodegobierno.gob.ec\/derechoshumanos\/wp-json\/wp\/v2\/comments?post=13449"}],"version-history":[{"count":1,"href":"https:\/\/www.ministeriodegobierno.gob.ec\/derechoshumanos\/wp-json\/wp\/v2\/posts\/13449\/revisions"}],"predecessor-version":[{"id":13451,"href":"https:\/\/www.ministeriodegobierno.gob.ec\/derechoshumanos\/wp-json\/wp\/v2\/posts\/13449\/revisions\/13451"}],"wp:featuredmedia":[{"embeddable":true,"href":"https:\/\/www.ministeriodegobierno.gob.ec\/derechoshumanos\/wp-json\/wp\/v2\/media\/13450"}],"wp:attachment":[{"href":"https:\/\/www.ministeriodegobierno.gob.ec\/derechoshumanos\/wp-json\/wp\/v2\/media?parent=13449"}],"wp:term":[{"taxonomy":"category","embeddable":true,"href":"https:\/\/www.ministeriodegobierno.gob.ec\/derechoshumanos\/wp-json\/wp\/v2\/categories?post=13449"},{"taxonomy":"post_tag","embeddable":true,"href":"https:\/\/www.ministeriodegobierno.gob.ec\/derechoshumanos\/wp-json\/wp\/v2\/tags?post=13449"}],"curies":[{"name":"wp","href":"https:\/\/api.w.org\/{rel}","templated":true}]}}