{"id":13453,"date":"2022-09-08T10:28:34","date_gmt":"2022-09-08T15:28:34","guid":{"rendered":"https:\/\/www.derechoshumanos.gob.ec\/?p=13453"},"modified":"2022-09-08T10:28:35","modified_gmt":"2022-09-08T15:28:35","slug":"escuela-de-formacion-de-lideresas-mujeres-desde-sus-propias-voces-llega-a-lago-agrio","status":"publish","type":"post","link":"https:\/\/www.ministeriodegobierno.gob.ec\/derechoshumanos\/2022\/09\/08\/escuela-de-formacion-de-lideresas-mujeres-desde-sus-propias-voces-llega-a-lago-agrio\/","title":{"rendered":"Escuela de Formaci\u00f3n de Lideresas \u201cMujeres desde sus propias voces\u201d llega a Lago Agrio"},"content":{"rendered":"\n<p class=\"wp-block-paragraph\"><strong>\u00a0<\/strong><\/p>\n\n\n\n<p class=\"wp-block-paragraph\"><strong>Lago Agrio, 8 de septiembre de 2022.- <\/strong>Con la participaci\u00f3n de 20 mujeres de las nacionalidades Cof\u00e1n, Kichwa Amaz\u00f3nico y Waorani; y del pueblo afroecuatoriano de las zonas rurales del Oriente, inici\u00f3 la Escuela de Formaci\u00f3n de lideresas \u201cMujeres desde sus propias voces\u201d.<\/p>\n\n\n\n<p class=\"wp-block-paragraph\">La secretaria de Derechos Humanos, Paola Flores Jaramillo, inaugur\u00f3 este taller resaltando el rol que desarrollan las mujeres en los espacios de toma de decisiones para el desarrollo a nivel local, regional y nacional. \u201cEl trabajo conjunto genera resultados positivos y aporta a mujeres que consolidar\u00e1n una pol\u00edtica p\u00fablica justa, equitativa y solidaria\u201d, manifest\u00f3.<\/p>\n\n\n\n<p class=\"wp-block-paragraph\">En esta actividad tambi\u00e9n particip\u00f3 Julia Unger, coordinadora Nacional del programa Si-Frontera y Programa Uni\u00f3n Europea para Frontera Norte, Territorio de desarrollo y paz financiado por la Uni\u00f3n Europea y el gobierno Alem\u00e1n qui\u00e9n se\u00f1al\u00f3: \u201cespero que este proceso de luz a muchas mujeres m\u00e1s, que con la r\u00e9plica de este proceso de capacitaci\u00f3n logremos que esta provincia sea un territorio de desarrollo y paz\u201d.<\/p>\n\n\n\n<p class=\"wp-block-paragraph\">Al respecto la gobernadora de Sucumb\u00edos, Deysi Manzano, se\u00f1al\u00f3 que estas iniciativas hacen que las mujeres lideren cada vez espacios para construir pol\u00edticas p\u00fablicas para construir un pa\u00eds libre de violencia de g\u00e9nero.<\/p>\n\n\n\n<p class=\"wp-block-paragraph\">Esta Escuela de Formaci\u00f3n ser\u00e1 impartida por varios catedr\u00e1ticos de la Facultad Latinoamericana de Ciencias Sociales (FLACSO) en temas sobre: G\u00e9nero e Interculturalidad, Sistema Electoral, Comunicaci\u00f3n y Marketing Pol\u00edtico.<\/p>\n\n\n\n<p class=\"wp-block-paragraph\">Desde la Secretar\u00eda de Derechos Humanos con el apoyo de GIZ buscamos contribuir al fortalecimiento de las mujeres y sus organizaciones sociales, a trav\u00e9s del empoderamiento social, liderazgo, eliminaci\u00f3n de la discriminaci\u00f3n, prevenci\u00f3n y erradicaci\u00f3n de la violencia pol\u00edtica.<\/p>\n\n\n\n<p class=\"wp-block-paragraph\">Las pr\u00f3ximas Escuelas de Formaci\u00f3n se desarrollar\u00e1n en Santo Domingo de los Ts\u00e1chilas del 21 al 23 de septiembre y en Imbabura del 5 al 7 de octubre.<\/p>\n","protected":false},"excerpt":{"rendered":"<p class=\"excerpt\">\u00a0 Lago Agrio, 8 de septiembre de 2022.- Con la participaci\u00f3n de 20 mujeres de las nacionalidades Cof\u00e1n, Kichwa Amaz\u00f3nico y Waorani; y del pueblo afroecuatoriano de las zonas rurales del Oriente, inici\u00f3 la Escuela de Formaci\u00f3n de lideresas \u201cMujeres desde sus propias voces\u201d. La secretaria de Derechos Humanos, Paola Flores Jaramillo, inaugur\u00f3 este taller resaltando el rol que desarrollan&hellip; <a href=\"https:\/\/www.ministeriodegobierno.gob.ec\/derechoshumanos\/2022\/09\/08\/escuela-de-formacion-de-lideresas-mujeres-desde-sus-propias-voces-llega-a-lago-agrio\/\">Read more &rarr;<\/a><\/p>\n","protected":false},"author":6,"featured_media":13454,"comment_status":"closed","ping_status":"closed","sticky":false,"template":"","format":"standard","meta":{"footnotes":""},"categories":[20,19,5],"tags":[],"class_list":["post-13453","post","type-post","status-publish","format-standard","has-post-thumbnail","hentry","category-boletin-de-prensa","category-la-secretaria","category-noticias","xfolkentry"],"_links":{"self":[{"href":"https:\/\/www.ministeriodegobierno.gob.ec\/derechoshumanos\/wp-json\/wp\/v2\/posts\/13453","targetHints":{"allow":["GET"]}}],"collection":[{"href":"https:\/\/www.ministeriodegobierno.gob.ec\/derechoshumanos\/wp-json\/wp\/v2\/posts"}],"about":[{"href":"https:\/\/www.ministeriodegobierno.gob.ec\/derechoshumanos\/wp-json\/wp\/v2\/types\/post"}],"author":[{"embeddable":true,"href":"https:\/\/www.ministeriodegobierno.gob.ec\/derechoshumanos\/wp-json\/wp\/v2\/users\/6"}],"replies":[{"embeddable":true,"href":"https:\/\/www.ministeriodegobierno.gob.ec\/derechoshumanos\/wp-json\/wp\/v2\/comments?post=13453"}],"version-history":[{"count":1,"href":"https:\/\/www.ministeriodegobierno.gob.ec\/derechoshumanos\/wp-json\/wp\/v2\/posts\/13453\/revisions"}],"predecessor-version":[{"id":13455,"href":"https:\/\/www.ministeriodegobierno.gob.ec\/derechoshumanos\/wp-json\/wp\/v2\/posts\/13453\/revisions\/13455"}],"wp:featuredmedia":[{"embeddable":true,"href":"https:\/\/www.ministeriodegobierno.gob.ec\/derechoshumanos\/wp-json\/wp\/v2\/media\/13454"}],"wp:attachment":[{"href":"https:\/\/www.ministeriodegobierno.gob.ec\/derechoshumanos\/wp-json\/wp\/v2\/media?parent=13453"}],"wp:term":[{"taxonomy":"category","embeddable":true,"href":"https:\/\/www.ministeriodegobierno.gob.ec\/derechoshumanos\/wp-json\/wp\/v2\/categories?post=13453"},{"taxonomy":"post_tag","embeddable":true,"href":"https:\/\/www.ministeriodegobierno.gob.ec\/derechoshumanos\/wp-json\/wp\/v2\/tags?post=13453"}],"curies":[{"name":"wp","href":"https:\/\/api.w.org\/{rel}","templated":true}]}}