{"id":13594,"date":"2022-09-13T13:49:09","date_gmt":"2022-09-13T18:49:09","guid":{"rendered":"https:\/\/www.derechoshumanos.gob.ec\/?p=13594"},"modified":"2022-09-13T14:02:23","modified_gmt":"2022-09-13T19:02:23","slug":"ecuador-cuenta-con-una-agenda-nacional-para-la-igualdad-de-genero","status":"publish","type":"post","link":"https:\/\/www.ministeriodegobierno.gob.ec\/derechoshumanos\/2022\/09\/13\/ecuador-cuenta-con-una-agenda-nacional-para-la-igualdad-de-genero\/","title":{"rendered":"Ecuador cuenta con una Agenda Nacional para la Igualdad de G\u00e9nero"},"content":{"rendered":"\n<p class=\"wp-block-paragraph\"><\/p>\n\n\n\n<p class=\"wp-block-paragraph\"><strong>Quito, 13 de septiembre de 2022.- <\/strong>40 Pol\u00edticas P\u00fablicas propuestas, 28 para Mujeres y 12 para personas LGBTI+, as\u00ed como 200 acciones, 22 metas de desarrollo planteadas para el cierre de brechas de desigualdad, son parte de la Agenda Nacional para la Igualdad de G\u00e9nero que fue presentada hoy por la Secretar\u00eda de Derechos Humanos y el Consejo Nacional para la Igualdad de G\u00e9nero.<\/p>\n\n\n\n<p class=\"wp-block-paragraph\">Esta Agenda es un instrumento de planificaci\u00f3n que contiene propuestas de pol\u00edticas p\u00fablicas, entendidas como mecanismos para la transversalizaci\u00f3n de los enfoques de igualdad en los planes sectoriales.<\/p>\n\n\n\n<p class=\"wp-block-paragraph\">Paola Flores Jaramillo, secretaria de Derechos Humanos, resalt\u00f3 que: \u201cesta herramienta parte de una visi\u00f3n desde el territorio, para referirse al contexto econ\u00f3mico, social y cultural en el que debe implementarse\u201d.<\/p>\n\n\n\n<p class=\"wp-block-paragraph\">Nueve ejes de acci\u00f3n contempla esta Agenda Nacional que son: Est\u00e1 construida con 9 ejes: econom\u00eda y empleo; cuidado humano, reproducci\u00f3n y sostenibilidad de la vida; salud, derechos sexuales y derechos reproductivos; educaci\u00f3n y conocimiento; deporte y actividad f\u00edsica; participaci\u00f3n pol\u00edtica y toma de decisiones; comunicaci\u00f3n; una vida libre de violencia de g\u00e9nero: ambiente y cambio clim\u00e1tico.<\/p>\n\n\n\n<p class=\"wp-block-paragraph\">Cristina Almeida, secretaria t\u00e9cnica del Consejo Nacional para la Igualdad de G\u00e9nero, resalt\u00f3 la importancia de esta herramienta para la exigibilidad de derechos, donde las demandas de mujeres, ni\u00f1as, adolescentes y poblaci\u00f3n LGBTI+ han sido plasmadas desde una mirada de interseccionalidad.<\/p>\n\n\n\n<p class=\"wp-block-paragraph\">Jairon Merch\u00e1n, secretario nacional de Planificaci\u00f3n, mencion\u00f3 que esta Agenda plasma el anhelo de varios sectores para que se incluya el enfoque de g\u00e9nero en las agendas de desarrollo, as\u00ed como en las pol\u00edticas p\u00fablicas con la finalidad de construir un pa\u00eds, m\u00e1s justo, pr\u00f3spero y equitativo.<\/p>\n\n\n\n<p class=\"wp-block-paragraph\">Fabian Tello,&nbsp; director del Proyecto Transg\u00e9nero, se\u00f1al\u00f3 que \u201chablar de Agenda Nacional para la Igualdad de G\u00e9nero es el primer paso para&nbsp; construir una realidad que&nbsp; realmente respete la igualdad de g\u00e9nero\u201d, y resalt\u00f3 que esta agenda reconoce que las personas sexo- g\u00e9nero diversas son sujetos de derecho.<\/p>\n\n\n\n<p class=\"wp-block-paragraph\">Como acto simb\u00f3lico representantes de las organizaciones de mujeres, poblaci\u00f3n LGBTI+ y cooperaci\u00f3n internacional entregaron la Agenda a las autoridades de las distintas funciones del Estado. La Agenda fue construida con la participaci\u00f3n activa de sociedad civil, cada una de las personas que aportaron tuvieron un espacio y una voz v\u00e1lida en este proceso.<\/p>\n","protected":false},"excerpt":{"rendered":"<p class=\"excerpt\">Quito, 13 de septiembre de 2022.- 40 Pol\u00edticas P\u00fablicas propuestas, 28 para Mujeres y 12 para personas LGBTI+, as\u00ed como 200 acciones, 22 metas de desarrollo planteadas para el cierre de brechas de desigualdad, son parte de la Agenda Nacional para la Igualdad de G\u00e9nero que fue presentada hoy por la Secretar\u00eda de Derechos Humanos y el Consejo Nacional para&hellip; <a href=\"https:\/\/www.ministeriodegobierno.gob.ec\/derechoshumanos\/2022\/09\/13\/ecuador-cuenta-con-una-agenda-nacional-para-la-igualdad-de-genero\/\">Read more &rarr;<\/a><\/p>\n","protected":false},"author":6,"featured_media":13597,"comment_status":"closed","ping_status":"closed","sticky":false,"template":"","format":"standard","meta":{"footnotes":""},"categories":[20,19,5],"tags":[],"class_list":["post-13594","post","type-post","status-publish","format-standard","has-post-thumbnail","hentry","category-boletin-de-prensa","category-la-secretaria","category-noticias","xfolkentry"],"_links":{"self":[{"href":"https:\/\/www.ministeriodegobierno.gob.ec\/derechoshumanos\/wp-json\/wp\/v2\/posts\/13594","targetHints":{"allow":["GET"]}}],"collection":[{"href":"https:\/\/www.ministeriodegobierno.gob.ec\/derechoshumanos\/wp-json\/wp\/v2\/posts"}],"about":[{"href":"https:\/\/www.ministeriodegobierno.gob.ec\/derechoshumanos\/wp-json\/wp\/v2\/types\/post"}],"author":[{"embeddable":true,"href":"https:\/\/www.ministeriodegobierno.gob.ec\/derechoshumanos\/wp-json\/wp\/v2\/users\/6"}],"replies":[{"embeddable":true,"href":"https:\/\/www.ministeriodegobierno.gob.ec\/derechoshumanos\/wp-json\/wp\/v2\/comments?post=13594"}],"version-history":[{"count":1,"href":"https:\/\/www.ministeriodegobierno.gob.ec\/derechoshumanos\/wp-json\/wp\/v2\/posts\/13594\/revisions"}],"predecessor-version":[{"id":13596,"href":"https:\/\/www.ministeriodegobierno.gob.ec\/derechoshumanos\/wp-json\/wp\/v2\/posts\/13594\/revisions\/13596"}],"wp:featuredmedia":[{"embeddable":true,"href":"https:\/\/www.ministeriodegobierno.gob.ec\/derechoshumanos\/wp-json\/wp\/v2\/media\/13597"}],"wp:attachment":[{"href":"https:\/\/www.ministeriodegobierno.gob.ec\/derechoshumanos\/wp-json\/wp\/v2\/media?parent=13594"}],"wp:term":[{"taxonomy":"category","embeddable":true,"href":"https:\/\/www.ministeriodegobierno.gob.ec\/derechoshumanos\/wp-json\/wp\/v2\/categories?post=13594"},{"taxonomy":"post_tag","embeddable":true,"href":"https:\/\/www.ministeriodegobierno.gob.ec\/derechoshumanos\/wp-json\/wp\/v2\/tags?post=13594"}],"curies":[{"name":"wp","href":"https:\/\/api.w.org\/{rel}","templated":true}]}}