{"id":13598,"date":"2022-09-13T15:36:54","date_gmt":"2022-09-13T20:36:54","guid":{"rendered":"https:\/\/www.derechoshumanos.gob.ec\/?p=13598"},"modified":"2022-09-13T15:36:55","modified_gmt":"2022-09-13T20:36:55","slug":"escuela-de-formacion-de-lideresas-se-muestra-a-nivel-internacional","status":"publish","type":"post","link":"https:\/\/www.ministeriodegobierno.gob.ec\/derechoshumanos\/2022\/09\/13\/escuela-de-formacion-de-lideresas-se-muestra-a-nivel-internacional\/","title":{"rendered":"Escuela de formaci\u00f3n de Lideresas se muestra a nivel internacional"},"content":{"rendered":"\n<p class=\"wp-block-paragraph\"><strong>Quito, 13 de septiembre del 2022._<\/strong> La \u00abEscuela de Formaci\u00f3n de Lideresas, Mujeres desde sus Propias Voces\u201d fue presentada hoy a nivel internacional en un encuentro organizado por la secretaria Privada de Vicepresidencia de la Rep\u00fablica Guatemala, Griselda Gonz\u00e1lez, con el objetivo de generar alianzas para compartir experiencias de trabajo con mujeres ind\u00edgenas a fin de que a futuro se generen encuentros culturales, programas y proyectos en los \u00e1mbitos que competen a la Secretar\u00eda de Derechos Humanos.<\/p>\n\n\n\n<p class=\"wp-block-paragraph\">Samia M\u00e1rmol, subsecretaria de Nacionalidades, Pueblos y Movimientos Sociales, en representaci\u00f3n de la Secretar\u00eda de Derechos Humanos, particip\u00f3 en el intercambio de experiencias para informar el proyecto de realce que ha tomado fuerza en el Ecuador.<\/p>\n\n\n\n<p class=\"wp-block-paragraph\"><em>\u201cEl trabajo que ha venido desarrollando la Secretar\u00eda de Derechos Humanos es admirable ya que se enfrentan a retos para cumplir con las demandas de los pueblos ind\u00edgenas y que se ha reflejado en la Escuela de Formaci\u00f3n<\/em>\u201d, mencion\u00f3 Griselda Gonz\u00e1lez, Secretaria Privada de Vicepresidencia de la Rep\u00fablica Guatemala.<\/p>\n\n\n\n<p class=\"wp-block-paragraph\">Adem\u00e1s, mencion\u00f3 la importancia que ha tomado a nivel nacional la Escuela de Formaci\u00f3n donde hasta el momento 60 mujeres han sido capacitadas en Esmeraldas y Lago Agrio.<\/p>\n\n\n\n<p class=\"wp-block-paragraph\"><em>Creemos que la Escuela de Formaci\u00f3n de Lideresas \u00abMujeres desde sus propias voces\u00bb es un espacio para formar mujeres y as\u00ed fortalecer la participaci\u00f3n social, organizativa y pol\u00edtica<\/em>. Dijo Samia M\u00e1rmol.<\/p>\n\n\n\n<p class=\"wp-block-paragraph\">Desde la Secretar\u00eda de Derechos Humanos, con el apoyo de GIZ, se busca contribuir al fortalecimiento de las mujeres y sus organizaciones sociales, a trav\u00e9s del empoderamiento social, liderazgo, eliminaci\u00f3n de la discriminaci\u00f3n, prevenci\u00f3n y erradicaci\u00f3n de la violencia pol\u00edtica.<\/p>\n\n\n\n<p class=\"wp-block-paragraph\"><\/p>\n\n\n\n<p class=\"wp-block-paragraph\"><\/p>\n\n\n\n<p class=\"wp-block-paragraph\"><\/p>\n\n\n\n<p class=\"wp-block-paragraph\"><\/p>\n\n\n\n<p class=\"wp-block-paragraph\"><\/p>\n","protected":false},"excerpt":{"rendered":"<p class=\"excerpt\">Quito, 13 de septiembre del 2022._ La \u00abEscuela de Formaci\u00f3n de Lideresas, Mujeres desde sus Propias Voces\u201d fue presentada hoy a nivel internacional en un encuentro organizado por la secretaria Privada de Vicepresidencia de la Rep\u00fablica Guatemala, Griselda Gonz\u00e1lez, con el objetivo de generar alianzas para compartir experiencias de trabajo con mujeres ind\u00edgenas a fin de que a futuro se&hellip; <a href=\"https:\/\/www.ministeriodegobierno.gob.ec\/derechoshumanos\/2022\/09\/13\/escuela-de-formacion-de-lideresas-se-muestra-a-nivel-internacional\/\">Read more &rarr;<\/a><\/p>\n","protected":false},"author":10,"featured_media":13599,"comment_status":"closed","ping_status":"closed","sticky":false,"template":"","format":"standard","meta":{"footnotes":""},"categories":[20,26,19,5,6],"tags":[],"class_list":["post-13598","post","type-post","status-publish","format-standard","has-post-thumbnail","hentry","category-boletin-de-prensa","category-derechos-humanos","category-la-secretaria","category-noticias","category-noticias-destacadas","xfolkentry"],"_links":{"self":[{"href":"https:\/\/www.ministeriodegobierno.gob.ec\/derechoshumanos\/wp-json\/wp\/v2\/posts\/13598","targetHints":{"allow":["GET"]}}],"collection":[{"href":"https:\/\/www.ministeriodegobierno.gob.ec\/derechoshumanos\/wp-json\/wp\/v2\/posts"}],"about":[{"href":"https:\/\/www.ministeriodegobierno.gob.ec\/derechoshumanos\/wp-json\/wp\/v2\/types\/post"}],"author":[{"embeddable":true,"href":"https:\/\/www.ministeriodegobierno.gob.ec\/derechoshumanos\/wp-json\/wp\/v2\/users\/10"}],"replies":[{"embeddable":true,"href":"https:\/\/www.ministeriodegobierno.gob.ec\/derechoshumanos\/wp-json\/wp\/v2\/comments?post=13598"}],"version-history":[{"count":1,"href":"https:\/\/www.ministeriodegobierno.gob.ec\/derechoshumanos\/wp-json\/wp\/v2\/posts\/13598\/revisions"}],"predecessor-version":[{"id":13600,"href":"https:\/\/www.ministeriodegobierno.gob.ec\/derechoshumanos\/wp-json\/wp\/v2\/posts\/13598\/revisions\/13600"}],"wp:featuredmedia":[{"embeddable":true,"href":"https:\/\/www.ministeriodegobierno.gob.ec\/derechoshumanos\/wp-json\/wp\/v2\/media\/13599"}],"wp:attachment":[{"href":"https:\/\/www.ministeriodegobierno.gob.ec\/derechoshumanos\/wp-json\/wp\/v2\/media?parent=13598"}],"wp:term":[{"taxonomy":"category","embeddable":true,"href":"https:\/\/www.ministeriodegobierno.gob.ec\/derechoshumanos\/wp-json\/wp\/v2\/categories?post=13598"},{"taxonomy":"post_tag","embeddable":true,"href":"https:\/\/www.ministeriodegobierno.gob.ec\/derechoshumanos\/wp-json\/wp\/v2\/tags?post=13598"}],"curies":[{"name":"wp","href":"https:\/\/api.w.org\/{rel}","templated":true}]}}