{"id":13624,"date":"2022-09-16T15:54:13","date_gmt":"2022-09-16T20:54:13","guid":{"rendered":"https:\/\/www.derechoshumanos.gob.ec\/?p=13624"},"modified":"2022-09-19T09:54:52","modified_gmt":"2022-09-19T14:54:52","slug":"plan-de-accion-de-diversidades-se-socializo-en-loja-y-zamora","status":"publish","type":"post","link":"https:\/\/www.ministeriodegobierno.gob.ec\/derechoshumanos\/2022\/09\/16\/plan-de-accion-de-diversidades-se-socializo-en-loja-y-zamora\/","title":{"rendered":"Plan de Acci\u00f3n de Diversidades se socializ\u00f3 en Loja y Zamora"},"content":{"rendered":"<p><strong>Loja, 16 de septiembre de 2022.- <\/strong>Con la finalidad de dar a conocer a representantes de las organizaciones LGBTI+ las 148 acciones espec\u00edficas en 4 ejes\u00a0 que son parte de la primera herramienta p\u00fablica para trabajar en la pol\u00edtica p\u00fablica para esta poblaci\u00f3n, el subsecretario de Diversidades, Alexander Guano, socializ\u00f3 en Loja y Zamora el Plan de Acci\u00f3n de Diversidades.<\/p>\n<p>Esta herramienta permitir\u00e1 tener datos oficiales que visibilizar\u00e1n la realidad de la poblaci\u00f3n LGBTI+ en temas como: salud, no discriminaci\u00f3n y estrategias de protecci\u00f3n para las personas adultas mayores de este sector.<\/p>\n<p>Como parte de su agenda, el subsecretario particip\u00f3 como ponente en el Foro Provincial por una cultura Libre de Violencia y \u00a0Discriminaci\u00f3n desarrollado en Zamora. En este marco resalt\u00f3 la iniciativa del Gobierno Provincial que propone abordar los desaf\u00edos urgentes en materia de derechos humanos de las personas sexo \u2013 g\u00e9nero diversas.<\/p>\n<p>Adem\u00e1s, reafirm\u00f3 el compromiso para trabajar\u00a0 conjuntamente y construir un Ecuador Diverso que garantice el pleno cumplimiento de los derechos humanos: \u201cHoy nos convocamos para dialogar y proponer acciones determinantes que busquen resolver los problemas urgentes a los que se enfrentan las personas LGBTI+\u201d, se\u00f1al\u00f3.<\/p>\n<p>&nbsp;<\/p>\n<p>&nbsp;<\/p>\n<p><strong>\u00a0<\/strong><\/p>\n<p><strong>\u00a0<\/strong><\/p>\n","protected":false},"excerpt":{"rendered":"<p class=\"excerpt\">Loja, 16 de septiembre de 2022.- Con la finalidad de dar a conocer a representantes de las organizaciones LGBTI+ las 148 acciones espec\u00edficas en 4 ejes\u00a0 que son parte de la primera herramienta p\u00fablica para trabajar en la pol\u00edtica p\u00fablica para esta poblaci\u00f3n, el subsecretario de Diversidades, Alexander Guano, socializ\u00f3 en Loja y Zamora el Plan de Acci\u00f3n de Diversidades.&hellip; <a href=\"https:\/\/www.ministeriodegobierno.gob.ec\/derechoshumanos\/2022\/09\/16\/plan-de-accion-de-diversidades-se-socializo-en-loja-y-zamora\/\">Read more &rarr;<\/a><\/p>\n","protected":false},"author":6,"featured_media":13625,"comment_status":"closed","ping_status":"closed","sticky":false,"template":"","format":"standard","meta":{"footnotes":""},"categories":[20,5,6],"tags":[],"class_list":["post-13624","post","type-post","status-publish","format-standard","has-post-thumbnail","hentry","category-boletin-de-prensa","category-noticias","category-noticias-destacadas","xfolkentry"],"_links":{"self":[{"href":"https:\/\/www.ministeriodegobierno.gob.ec\/derechoshumanos\/wp-json\/wp\/v2\/posts\/13624","targetHints":{"allow":["GET"]}}],"collection":[{"href":"https:\/\/www.ministeriodegobierno.gob.ec\/derechoshumanos\/wp-json\/wp\/v2\/posts"}],"about":[{"href":"https:\/\/www.ministeriodegobierno.gob.ec\/derechoshumanos\/wp-json\/wp\/v2\/types\/post"}],"author":[{"embeddable":true,"href":"https:\/\/www.ministeriodegobierno.gob.ec\/derechoshumanos\/wp-json\/wp\/v2\/users\/6"}],"replies":[{"embeddable":true,"href":"https:\/\/www.ministeriodegobierno.gob.ec\/derechoshumanos\/wp-json\/wp\/v2\/comments?post=13624"}],"version-history":[{"count":2,"href":"https:\/\/www.ministeriodegobierno.gob.ec\/derechoshumanos\/wp-json\/wp\/v2\/posts\/13624\/revisions"}],"predecessor-version":[{"id":13627,"href":"https:\/\/www.ministeriodegobierno.gob.ec\/derechoshumanos\/wp-json\/wp\/v2\/posts\/13624\/revisions\/13627"}],"wp:featuredmedia":[{"embeddable":true,"href":"https:\/\/www.ministeriodegobierno.gob.ec\/derechoshumanos\/wp-json\/wp\/v2\/media\/13625"}],"wp:attachment":[{"href":"https:\/\/www.ministeriodegobierno.gob.ec\/derechoshumanos\/wp-json\/wp\/v2\/media?parent=13624"}],"wp:term":[{"taxonomy":"category","embeddable":true,"href":"https:\/\/www.ministeriodegobierno.gob.ec\/derechoshumanos\/wp-json\/wp\/v2\/categories?post=13624"},{"taxonomy":"post_tag","embeddable":true,"href":"https:\/\/www.ministeriodegobierno.gob.ec\/derechoshumanos\/wp-json\/wp\/v2\/tags?post=13624"}],"curies":[{"name":"wp","href":"https:\/\/api.w.org\/{rel}","templated":true}]}}