{"id":13632,"date":"2022-09-19T16:31:23","date_gmt":"2022-09-19T21:31:23","guid":{"rendered":"https:\/\/www.derechoshumanos.gob.ec\/?p=13632"},"modified":"2022-09-19T16:31:51","modified_gmt":"2022-09-19T21:31:51","slug":"ninas-y-ninos-participaron-en-actividad-sobre-prevencion-de-la-violencia","status":"publish","type":"post","link":"https:\/\/www.ministeriodegobierno.gob.ec\/derechoshumanos\/2022\/09\/19\/ninas-y-ninos-participaron-en-actividad-sobre-prevencion-de-la-violencia\/","title":{"rendered":"Ni\u00f1as y ni\u00f1os participaron en actividad sobre prevenci\u00f3n de la violencia"},"content":{"rendered":"<p><strong>Guayaquil, 19 de septiembre de 2022.- <\/strong>215 Ni\u00f1as y ni\u00f1os de 4 a 6 a\u00f1os de la Unidad Educativa del Milenio \u201cMarieta de Veintimilla Marconi\u201d de la ciudad de Guayaquil participaron en un proceso de sensibilizaci\u00f3n sobre prevenci\u00f3n de la violencia.<\/p>\n<p>Mediante juegos l\u00fadicos y animaci\u00f3n, se les ense\u00f1\u00f3 a no pelear con los compa\u00f1eros de clases y con canciones se difundi\u00f3 mensajes de camarader\u00eda y respeto. Luego, las facilitadoras de nuestro Servicio de Protecci\u00f3n Integral hablaron sobre las alertas ante una situaci\u00f3n de violencia y a quienes pueden dirigirse en caso de detectar o ser testigos de actos de violencia en las aulas.<\/p>\n<p>\u201cEs a trav\u00e9s del mensaje adaptado a la comunidad estudiantil, que la Secretar\u00eda de Derechos Humanos crea v\u00ednculos directos con las v\u00edctimas y posibles v\u00edctimas de violencia, para crear puentes de informaci\u00f3n que permitan prevenir y erradicar la violencia\u201d, se\u00f1al\u00f3 Melissa Cabanilla Hern\u00e1ndez, directora Zonal 8.<\/p>\n<p>Por su parte\u00a0 Carla Triana Reinoso, coordinadora del Departamento de Consejer\u00eda Estudiantil, de la Unidad Educativa manifest\u00f3: \u201cCon las charlas de la Secretar\u00eda de Derechos Humanos, erradicamos en nuestros estudiantes desde los m\u00e1s peque\u00f1os hasta los m\u00e1s grandes, la violencia en los contexto educativos, en el marco de una cultura de paz y no violencia\u201d.<\/p>\n<p>La Secretar\u00eda de Derechos Humanos continuar\u00e1 brindando charlas de sensibilizaci\u00f3n para los cursos de b\u00e1sica elemental y bachillerato.<\/p>\n","protected":false},"excerpt":{"rendered":"<p class=\"excerpt\">Guayaquil, 19 de septiembre de 2022.- 215 Ni\u00f1as y ni\u00f1os de 4 a 6 a\u00f1os de la Unidad Educativa del Milenio \u201cMarieta de Veintimilla Marconi\u201d de la ciudad de Guayaquil participaron en un proceso de sensibilizaci\u00f3n sobre prevenci\u00f3n de la violencia. Mediante juegos l\u00fadicos y animaci\u00f3n, se les ense\u00f1\u00f3 a no pelear con los compa\u00f1eros de clases y con canciones&hellip; <a href=\"https:\/\/www.ministeriodegobierno.gob.ec\/derechoshumanos\/2022\/09\/19\/ninas-y-ninos-participaron-en-actividad-sobre-prevencion-de-la-violencia\/\">Read more &rarr;<\/a><\/p>\n","protected":false},"author":6,"featured_media":13633,"comment_status":"closed","ping_status":"closed","sticky":false,"template":"","format":"standard","meta":{"footnotes":""},"categories":[20,19,5],"tags":[],"class_list":["post-13632","post","type-post","status-publish","format-standard","has-post-thumbnail","hentry","category-boletin-de-prensa","category-la-secretaria","category-noticias","xfolkentry"],"_links":{"self":[{"href":"https:\/\/www.ministeriodegobierno.gob.ec\/derechoshumanos\/wp-json\/wp\/v2\/posts\/13632","targetHints":{"allow":["GET"]}}],"collection":[{"href":"https:\/\/www.ministeriodegobierno.gob.ec\/derechoshumanos\/wp-json\/wp\/v2\/posts"}],"about":[{"href":"https:\/\/www.ministeriodegobierno.gob.ec\/derechoshumanos\/wp-json\/wp\/v2\/types\/post"}],"author":[{"embeddable":true,"href":"https:\/\/www.ministeriodegobierno.gob.ec\/derechoshumanos\/wp-json\/wp\/v2\/users\/6"}],"replies":[{"embeddable":true,"href":"https:\/\/www.ministeriodegobierno.gob.ec\/derechoshumanos\/wp-json\/wp\/v2\/comments?post=13632"}],"version-history":[{"count":2,"href":"https:\/\/www.ministeriodegobierno.gob.ec\/derechoshumanos\/wp-json\/wp\/v2\/posts\/13632\/revisions"}],"predecessor-version":[{"id":13635,"href":"https:\/\/www.ministeriodegobierno.gob.ec\/derechoshumanos\/wp-json\/wp\/v2\/posts\/13632\/revisions\/13635"}],"wp:featuredmedia":[{"embeddable":true,"href":"https:\/\/www.ministeriodegobierno.gob.ec\/derechoshumanos\/wp-json\/wp\/v2\/media\/13633"}],"wp:attachment":[{"href":"https:\/\/www.ministeriodegobierno.gob.ec\/derechoshumanos\/wp-json\/wp\/v2\/media?parent=13632"}],"wp:term":[{"taxonomy":"category","embeddable":true,"href":"https:\/\/www.ministeriodegobierno.gob.ec\/derechoshumanos\/wp-json\/wp\/v2\/categories?post=13632"},{"taxonomy":"post_tag","embeddable":true,"href":"https:\/\/www.ministeriodegobierno.gob.ec\/derechoshumanos\/wp-json\/wp\/v2\/tags?post=13632"}],"curies":[{"name":"wp","href":"https:\/\/api.w.org\/{rel}","templated":true}]}}