{"id":13637,"date":"2022-09-19T16:34:33","date_gmt":"2022-09-19T21:34:33","guid":{"rendered":"https:\/\/www.derechoshumanos.gob.ec\/?p=13637"},"modified":"2022-09-19T16:34:33","modified_gmt":"2022-09-19T21:34:33","slug":"padres-y-madres-de-familia-capacitados-en-estilos-de-crianza","status":"publish","type":"post","link":"https:\/\/www.ministeriodegobierno.gob.ec\/derechoshumanos\/2022\/09\/19\/padres-y-madres-de-familia-capacitados-en-estilos-de-crianza\/","title":{"rendered":"Padres y madres de familia capacitados en estilos de crianza"},"content":{"rendered":"<p><strong>Portovelo.-<\/strong> La Secretar\u00eda de Derechos Humanos brind\u00f3 el taller sobre estilos de crianza\u00a0 a padres y madres de la Unidad Educativa Miguel \u00c1ngel Corral de la parroquia Salat\u00ed, en el cant\u00f3n Portovelo.<\/p>\n<p>El taller se realiz\u00f3 en coordinaci\u00f3n con la Junta Cantonal de Protecci\u00f3n de Derechos, el Ministerio de Educaci\u00f3n y fue organizado por la Mesa T\u00e9cnica Intersectorial para la Erradicaci\u00f3n de la Desnutrici\u00f3n Infantil con la finalidad de favorecer la participaci\u00f3n, integraci\u00f3n e inclusi\u00f3n. Asistieron un total de 13 padres y madres.<\/p>\n<p>El objetivo fue proporcionar a los asistentes un an\u00e1lisis de la forma en que interact\u00faan con los hijos e hijas considerando que ser\u00e1 la base de su desarrollo social y emocional para la creaci\u00f3n de proyectos de vida que impliquen la autoprotecci\u00f3n contra la violencia.<\/p>\n<p>Sophia Cueva Mej\u00eda, coordinadora de la Oficina T\u00e9cnica 7, mencion\u00f3: \u201ctrabajar con ni\u00f1os, ni\u00f1as y adolescentes y sus familias nos permite trabajar en prevenci\u00f3n de cualquier forma de violencia, sobre todo en negligencia en el \u00e1mbito intrafamiliar.\u201d<\/p>\n<p>&nbsp;<\/p>\n<p>&nbsp;<\/p>\n<p>&nbsp;<\/p>\n<p>&nbsp;<\/p>\n<p>&nbsp;<\/p>\n","protected":false},"excerpt":{"rendered":"<p class=\"excerpt\">Portovelo.- La Secretar\u00eda de Derechos Humanos brind\u00f3 el taller sobre estilos de crianza\u00a0 a padres y madres de la Unidad Educativa Miguel \u00c1ngel Corral de la parroquia Salat\u00ed, en el cant\u00f3n Portovelo. El taller se realiz\u00f3 en coordinaci\u00f3n con la Junta Cantonal de Protecci\u00f3n de Derechos, el Ministerio de Educaci\u00f3n y fue organizado por la Mesa T\u00e9cnica Intersectorial para la&hellip; <a href=\"https:\/\/www.ministeriodegobierno.gob.ec\/derechoshumanos\/2022\/09\/19\/padres-y-madres-de-familia-capacitados-en-estilos-de-crianza\/\">Read more &rarr;<\/a><\/p>\n","protected":false},"author":6,"featured_media":13638,"comment_status":"closed","ping_status":"closed","sticky":false,"template":"","format":"standard","meta":{"footnotes":""},"categories":[20,19,5],"tags":[],"class_list":["post-13637","post","type-post","status-publish","format-standard","has-post-thumbnail","hentry","category-boletin-de-prensa","category-la-secretaria","category-noticias","xfolkentry"],"_links":{"self":[{"href":"https:\/\/www.ministeriodegobierno.gob.ec\/derechoshumanos\/wp-json\/wp\/v2\/posts\/13637","targetHints":{"allow":["GET"]}}],"collection":[{"href":"https:\/\/www.ministeriodegobierno.gob.ec\/derechoshumanos\/wp-json\/wp\/v2\/posts"}],"about":[{"href":"https:\/\/www.ministeriodegobierno.gob.ec\/derechoshumanos\/wp-json\/wp\/v2\/types\/post"}],"author":[{"embeddable":true,"href":"https:\/\/www.ministeriodegobierno.gob.ec\/derechoshumanos\/wp-json\/wp\/v2\/users\/6"}],"replies":[{"embeddable":true,"href":"https:\/\/www.ministeriodegobierno.gob.ec\/derechoshumanos\/wp-json\/wp\/v2\/comments?post=13637"}],"version-history":[{"count":1,"href":"https:\/\/www.ministeriodegobierno.gob.ec\/derechoshumanos\/wp-json\/wp\/v2\/posts\/13637\/revisions"}],"predecessor-version":[{"id":13639,"href":"https:\/\/www.ministeriodegobierno.gob.ec\/derechoshumanos\/wp-json\/wp\/v2\/posts\/13637\/revisions\/13639"}],"wp:featuredmedia":[{"embeddable":true,"href":"https:\/\/www.ministeriodegobierno.gob.ec\/derechoshumanos\/wp-json\/wp\/v2\/media\/13638"}],"wp:attachment":[{"href":"https:\/\/www.ministeriodegobierno.gob.ec\/derechoshumanos\/wp-json\/wp\/v2\/media?parent=13637"}],"wp:term":[{"taxonomy":"category","embeddable":true,"href":"https:\/\/www.ministeriodegobierno.gob.ec\/derechoshumanos\/wp-json\/wp\/v2\/categories?post=13637"},{"taxonomy":"post_tag","embeddable":true,"href":"https:\/\/www.ministeriodegobierno.gob.ec\/derechoshumanos\/wp-json\/wp\/v2\/tags?post=13637"}],"curies":[{"name":"wp","href":"https:\/\/api.w.org\/{rel}","templated":true}]}}