{"id":13641,"date":"2022-09-19T17:15:19","date_gmt":"2022-09-19T22:15:19","guid":{"rendered":"https:\/\/www.derechoshumanos.gob.ec\/?p=13641"},"modified":"2022-09-19T17:15:28","modified_gmt":"2022-09-19T22:15:28","slug":"el-oro-loja-y-zamora-fueron-sedes-de-talleres-sobre-prevencion-de-violencia-por-razon-de-genero-en-contextos-politicos","status":"publish","type":"post","link":"https:\/\/www.ministeriodegobierno.gob.ec\/derechoshumanos\/2022\/09\/19\/el-oro-loja-y-zamora-fueron-sedes-de-talleres-sobre-prevencion-de-violencia-por-razon-de-genero-en-contextos-politicos\/","title":{"rendered":"El Oro, Loja y Zamora fueron sedes de talleres sobre prevenci\u00f3n de violencia por raz\u00f3n de g\u00e9nero en contextos pol\u00edticos"},"content":{"rendered":"<p><strong>Loja, 19 de septiembre de 2022.- <\/strong>La Secretar\u00eda de Derechos Humanos, en coordinaci\u00f3n con el Consejo Nacional de Defensores y Defensoras de los Derechos Humanos y de la Naturaleza y el\u00a0 Consejo Nacional Electoral, desarroll\u00f3 el \u00abTaller de prevenci\u00f3n de violencia por raz\u00f3n de g\u00e9nero en contextos pol\u00edticos\u00bb en las provincias de El Oro, Loja, y Zamora Chinchipe. La cita se desarroll\u00f3 los d\u00edas 14, 15 y 16 de septiembre de 2022 y estuvo dirigido a representantes de diferentes organizaciones pol\u00edticas.<\/p>\n<p>Los talleres se realizaron con el objetivo de evitar publicidad sexista en temas electorales, empoderar a las mujeres\u00a0 y, sobre todo, deconstruir estereotipos actuales en este \u00e1mbito tomando en cuenta que la Ley Org\u00e1nica Integral para Prevenir y Erradicar la Violencia contra las Mujeres reconoce, entre las expresiones de violencia de g\u00e9nero, a la violencia pol\u00edtica.<\/p>\n<p>Entre las tem\u00e1ticas que se abordaron estuevieron: violencia basada en g\u00e9nero; g\u00e9nero, poder y masculinidades; c\u00f3mo prevenir la violencia y sus tipos; datos estad\u00edsticos de violencia pol\u00edtica en el Ecuador; la Ley Org\u00e1nica Integral para Prevenir y Erradicar la Violencia contra las Mujeres, mismas que permiten\u00a0 brindar informaci\u00f3n respecto al marco normativo y los mecanismos de participaci\u00f3n, rutas protocolos que existen en el pa\u00eds.<\/p>\n<p>Sophia Cueva Mej\u00eda, coordinadora de la Oficina T\u00e9cnica 7,\u00a0 manifest\u00f3 que: \u201cdesde la Secretar\u00eda de Derechos Humanos, trabajamos generando espacios de capacitaci\u00f3n, formaci\u00f3n y sensibilizaci\u00f3n, dirigidos a ni\u00f1as, mujeres y poblaci\u00f3n LGBTI+, con el objetivo de potencializar su liderazgo, creando lugares que fomenten su participaci\u00f3n y la toma de decisiones que garanticen el cumplimiento de sus derechos\u201d.<\/p>\n<p>Adem\u00e1s, junto con el Consejo Nacional de Defensores y Defensoras de los Derechos Humanos y de la Naturaleza, se trabaja de manera articulada \u00a0tomando en cuenta el recorrido hist\u00f3rico que ha implicado la lucha por los derechos a la participaci\u00f3n pol\u00edtica de las mujeres y la poblaci\u00f3n LGBTI+.<\/p>\n<p>&nbsp;<\/p>\n","protected":false},"excerpt":{"rendered":"<p class=\"excerpt\">Loja, 19 de septiembre de 2022.- La Secretar\u00eda de Derechos Humanos, en coordinaci\u00f3n con el Consejo Nacional de Defensores y Defensoras de los Derechos Humanos y de la Naturaleza y el\u00a0 Consejo Nacional Electoral, desarroll\u00f3 el \u00abTaller de prevenci\u00f3n de violencia por raz\u00f3n de g\u00e9nero en contextos pol\u00edticos\u00bb en las provincias de El Oro, Loja, y Zamora Chinchipe. La cita&hellip; <a href=\"https:\/\/www.ministeriodegobierno.gob.ec\/derechoshumanos\/2022\/09\/19\/el-oro-loja-y-zamora-fueron-sedes-de-talleres-sobre-prevencion-de-violencia-por-razon-de-genero-en-contextos-politicos\/\">Read more &rarr;<\/a><\/p>\n","protected":false},"author":6,"featured_media":13642,"comment_status":"closed","ping_status":"closed","sticky":false,"template":"","format":"standard","meta":{"footnotes":""},"categories":[20,19,5],"tags":[],"class_list":["post-13641","post","type-post","status-publish","format-standard","has-post-thumbnail","hentry","category-boletin-de-prensa","category-la-secretaria","category-noticias","xfolkentry"],"_links":{"self":[{"href":"https:\/\/www.ministeriodegobierno.gob.ec\/derechoshumanos\/wp-json\/wp\/v2\/posts\/13641","targetHints":{"allow":["GET"]}}],"collection":[{"href":"https:\/\/www.ministeriodegobierno.gob.ec\/derechoshumanos\/wp-json\/wp\/v2\/posts"}],"about":[{"href":"https:\/\/www.ministeriodegobierno.gob.ec\/derechoshumanos\/wp-json\/wp\/v2\/types\/post"}],"author":[{"embeddable":true,"href":"https:\/\/www.ministeriodegobierno.gob.ec\/derechoshumanos\/wp-json\/wp\/v2\/users\/6"}],"replies":[{"embeddable":true,"href":"https:\/\/www.ministeriodegobierno.gob.ec\/derechoshumanos\/wp-json\/wp\/v2\/comments?post=13641"}],"version-history":[{"count":2,"href":"https:\/\/www.ministeriodegobierno.gob.ec\/derechoshumanos\/wp-json\/wp\/v2\/posts\/13641\/revisions"}],"predecessor-version":[{"id":13644,"href":"https:\/\/www.ministeriodegobierno.gob.ec\/derechoshumanos\/wp-json\/wp\/v2\/posts\/13641\/revisions\/13644"}],"wp:featuredmedia":[{"embeddable":true,"href":"https:\/\/www.ministeriodegobierno.gob.ec\/derechoshumanos\/wp-json\/wp\/v2\/media\/13642"}],"wp:attachment":[{"href":"https:\/\/www.ministeriodegobierno.gob.ec\/derechoshumanos\/wp-json\/wp\/v2\/media?parent=13641"}],"wp:term":[{"taxonomy":"category","embeddable":true,"href":"https:\/\/www.ministeriodegobierno.gob.ec\/derechoshumanos\/wp-json\/wp\/v2\/categories?post=13641"},{"taxonomy":"post_tag","embeddable":true,"href":"https:\/\/www.ministeriodegobierno.gob.ec\/derechoshumanos\/wp-json\/wp\/v2\/tags?post=13641"}],"curies":[{"name":"wp","href":"https:\/\/api.w.org\/{rel}","templated":true}]}}