{"id":13646,"date":"2022-09-20T13:44:33","date_gmt":"2022-09-20T18:44:33","guid":{"rendered":"https:\/\/www.derechoshumanos.gob.ec\/?p=13646"},"modified":"2022-09-20T13:46:47","modified_gmt":"2022-09-20T18:46:47","slug":"manabi-fue-sede-de-taller-sobre-autoestima-y-valoracion-personal","status":"publish","type":"post","link":"https:\/\/www.ministeriodegobierno.gob.ec\/derechoshumanos\/2022\/09\/20\/manabi-fue-sede-de-taller-sobre-autoestima-y-valoracion-personal\/","title":{"rendered":"Manab\u00ed fue sede de taller sobre autoestima y valoraci\u00f3n personal"},"content":{"rendered":"<p><strong>Manta, 20 de septiembre de 2022.-<\/strong> La Secretar\u00eda de Derechos Humanos, por medio de su Servicio de Protecci\u00f3n Integral, desarroll\u00f3 un taller de sensibilizaci\u00f3n sobre autoestima y valoraci\u00f3n personal a usuarios y usuarias del Centro de Desarrollo Comunitario barrio 20 de Mayo. La actividad cont\u00f3 con el apoyo del Gobierno Aut\u00f3nomo Descentralizado (GAD) y el Patronato Municipal.<\/p>\n<p>El objetivo de este espacio fue fortalecer la autoestima de las mujeres y fomentar el liderazgo a fin de generar participaci\u00f3n ciudadana, igualdad y relaciones de empat\u00eda con la familia, amigos y la sociedad.<\/p>\n<p>La metodolog\u00eda del taller se bas\u00f3 en el uso de la actividad l\u00fadica \u201cLas constelaciones\u201d que permite a las mujeres reconocerse a s\u00ed mismas por medio de la autovaloraci\u00f3n, fomentando caminos no violentos y exponiendo las potencialidades de cada persona.<\/p>\n<p>\u201cBrindar talleres de sensibilizaci\u00f3n dirigidos a mujeres permiten que d\u00eda a d\u00eda se vayan fortaleciendo los v\u00ednculos familiares y el empoderamiento de las sobrevivientes a fin de garantizar sus derechos\u201d dijo, Juan Carlos Pe\u00f1afiel Ruiz, coordinador de la Oficina T\u00e9cnica Zonal 4.<\/p>\n<p>Esta cartera de Estado fomenta, a trav\u00e9s de capacitaciones, el liderazgo \u00a0y empoderamiento de las mujeres en la sociedad.<\/p>\n<p><strong>\u00a0<\/strong><\/p>\n","protected":false},"excerpt":{"rendered":"<p class=\"excerpt\">Manta, 20 de septiembre de 2022.- La Secretar\u00eda de Derechos Humanos, por medio de su Servicio de Protecci\u00f3n Integral, desarroll\u00f3 un taller de sensibilizaci\u00f3n sobre autoestima y valoraci\u00f3n personal a usuarios y usuarias del Centro de Desarrollo Comunitario barrio 20 de Mayo. La actividad cont\u00f3 con el apoyo del Gobierno Aut\u00f3nomo Descentralizado (GAD) y el Patronato Municipal. El objetivo de&hellip; <a href=\"https:\/\/www.ministeriodegobierno.gob.ec\/derechoshumanos\/2022\/09\/20\/manabi-fue-sede-de-taller-sobre-autoestima-y-valoracion-personal\/\">Read more &rarr;<\/a><\/p>\n","protected":false},"author":8,"featured_media":13647,"comment_status":"closed","ping_status":"closed","sticky":false,"template":"","format":"standard","meta":{"footnotes":""},"categories":[20,5,6],"tags":[],"class_list":["post-13646","post","type-post","status-publish","format-standard","has-post-thumbnail","hentry","category-boletin-de-prensa","category-noticias","category-noticias-destacadas","xfolkentry"],"_links":{"self":[{"href":"https:\/\/www.ministeriodegobierno.gob.ec\/derechoshumanos\/wp-json\/wp\/v2\/posts\/13646","targetHints":{"allow":["GET"]}}],"collection":[{"href":"https:\/\/www.ministeriodegobierno.gob.ec\/derechoshumanos\/wp-json\/wp\/v2\/posts"}],"about":[{"href":"https:\/\/www.ministeriodegobierno.gob.ec\/derechoshumanos\/wp-json\/wp\/v2\/types\/post"}],"author":[{"embeddable":true,"href":"https:\/\/www.ministeriodegobierno.gob.ec\/derechoshumanos\/wp-json\/wp\/v2\/users\/8"}],"replies":[{"embeddable":true,"href":"https:\/\/www.ministeriodegobierno.gob.ec\/derechoshumanos\/wp-json\/wp\/v2\/comments?post=13646"}],"version-history":[{"count":3,"href":"https:\/\/www.ministeriodegobierno.gob.ec\/derechoshumanos\/wp-json\/wp\/v2\/posts\/13646\/revisions"}],"predecessor-version":[{"id":13650,"href":"https:\/\/www.ministeriodegobierno.gob.ec\/derechoshumanos\/wp-json\/wp\/v2\/posts\/13646\/revisions\/13650"}],"wp:featuredmedia":[{"embeddable":true,"href":"https:\/\/www.ministeriodegobierno.gob.ec\/derechoshumanos\/wp-json\/wp\/v2\/media\/13647"}],"wp:attachment":[{"href":"https:\/\/www.ministeriodegobierno.gob.ec\/derechoshumanos\/wp-json\/wp\/v2\/media?parent=13646"}],"wp:term":[{"taxonomy":"category","embeddable":true,"href":"https:\/\/www.ministeriodegobierno.gob.ec\/derechoshumanos\/wp-json\/wp\/v2\/categories?post=13646"},{"taxonomy":"post_tag","embeddable":true,"href":"https:\/\/www.ministeriodegobierno.gob.ec\/derechoshumanos\/wp-json\/wp\/v2\/tags?post=13646"}],"curies":[{"name":"wp","href":"https:\/\/api.w.org\/{rel}","templated":true}]}}