{"id":13664,"date":"2022-09-26T14:31:12","date_gmt":"2022-09-26T19:31:12","guid":{"rendered":"https:\/\/www.derechoshumanos.gob.ec\/?p=13664"},"modified":"2022-09-27T09:10:05","modified_gmt":"2022-09-27T14:10:05","slug":"en-santo-domingo-de-los-tsachilas-se-desarrollo-escuela-de-formacion-de-lideresas-mujeres-desde-sus-propias-voces","status":"publish","type":"post","link":"https:\/\/www.ministeriodegobierno.gob.ec\/derechoshumanos\/2022\/09\/26\/en-santo-domingo-de-los-tsachilas-se-desarrollo-escuela-de-formacion-de-lideresas-mujeres-desde-sus-propias-voces\/","title":{"rendered":"En Santo Domingo de los Ts\u00e1chilas se desarroll\u00f3 Escuela de Formaci\u00f3n de Lideresas \u201cMujeres desde sus propias voces\u201d"},"content":{"rendered":"<p><strong>Santo Domingo de los Ts\u00e1chilos, 26 de septiembre de 2022.- <\/strong>Con la participaci\u00f3n de m\u00e1s 30 mujeres de la nacionalidad Ts\u00e1chila, de los pueblos: Montubios, Afroecuatorianos, Huancavilca y Mestizos y de organizaciones campesinas y juveniles feministas, se desarroll\u00f3 la tercera Escuela de Formaci\u00f3n de lideresas \u201cMujeres desde sus propias voces\u201d.<\/p>\n<p>La subsecretaria de Nacionalidades, Pueblos y Movimientos Sociales, Samia M\u00e1rmol, inaugur\u00f3 este taller agradeciendo la presencia de las mujeres en este importante e hist\u00f3rico proceso de formaci\u00f3n que fortalecer\u00e1 las capacidades de liderazgo en beneficio personal y colectivo de las organizaciones a las cuales representan.<\/p>\n<p>\u201cAgradecemos su presencia en este proceso donde el Estado ha designado todos los esfuerzos para el empoderamiento de la mujer en todos los espacios\u201d, mencion\u00f3 la Subsecretaria.<\/p>\n<p>Gerrit Burgwal, coordinador del equipo de Movilidad Humana Nacional, Programa Regional de Atenci\u00f3n a Comunidades de Acogida, Migrantes y Refugiados SI Frontera y Programa Frontera Norte, Territorio de desarrollo y paz implementado por GIZ, resalt\u00f3 la cooperaci\u00f3n entre el Gobierno Nacional, la academia, las organizaciones de la sociedad civil y la cooperaci\u00f3n internacional, \u201ceste es un ejemplo de la contribuci\u00f3n que se puede tener entre varias instituciones por un bien com\u00fan, que es promover la cultura de paz\u201d.<\/p>\n<p>Desde la Secretar\u00eda de Derechos Humanos con el apoyo de GIZ\u00a0 impulsamos el empoderamiento social, liderazgo, eliminaci\u00f3n de la discriminaci\u00f3n, prevenci\u00f3n y erradicaci\u00f3n de la violencia pol\u00edtica.<\/p>\n","protected":false},"excerpt":{"rendered":"<p class=\"excerpt\">Santo Domingo de los Ts\u00e1chilos, 26 de septiembre de 2022.- Con la participaci\u00f3n de m\u00e1s 30 mujeres de la nacionalidad Ts\u00e1chila, de los pueblos: Montubios, Afroecuatorianos, Huancavilca y Mestizos y de organizaciones campesinas y juveniles feministas, se desarroll\u00f3 la tercera Escuela de Formaci\u00f3n de lideresas \u201cMujeres desde sus propias voces\u201d. La subsecretaria de Nacionalidades, Pueblos y Movimientos Sociales, Samia M\u00e1rmol,&hellip; <a href=\"https:\/\/www.ministeriodegobierno.gob.ec\/derechoshumanos\/2022\/09\/26\/en-santo-domingo-de-los-tsachilas-se-desarrollo-escuela-de-formacion-de-lideresas-mujeres-desde-sus-propias-voces\/\">Read more &rarr;<\/a><\/p>\n","protected":false},"author":6,"featured_media":13665,"comment_status":"closed","ping_status":"closed","sticky":false,"template":"","format":"standard","meta":{"footnotes":""},"categories":[20,19,5],"tags":[28,31,32],"class_list":["post-13664","post","type-post","status-publish","format-standard","has-post-thumbnail","hentry","category-boletin-de-prensa","category-la-secretaria","category-noticias","tag-ddhh","tag-formacion","tag-santo-domingo","xfolkentry"],"_links":{"self":[{"href":"https:\/\/www.ministeriodegobierno.gob.ec\/derechoshumanos\/wp-json\/wp\/v2\/posts\/13664","targetHints":{"allow":["GET"]}}],"collection":[{"href":"https:\/\/www.ministeriodegobierno.gob.ec\/derechoshumanos\/wp-json\/wp\/v2\/posts"}],"about":[{"href":"https:\/\/www.ministeriodegobierno.gob.ec\/derechoshumanos\/wp-json\/wp\/v2\/types\/post"}],"author":[{"embeddable":true,"href":"https:\/\/www.ministeriodegobierno.gob.ec\/derechoshumanos\/wp-json\/wp\/v2\/users\/6"}],"replies":[{"embeddable":true,"href":"https:\/\/www.ministeriodegobierno.gob.ec\/derechoshumanos\/wp-json\/wp\/v2\/comments?post=13664"}],"version-history":[{"count":1,"href":"https:\/\/www.ministeriodegobierno.gob.ec\/derechoshumanos\/wp-json\/wp\/v2\/posts\/13664\/revisions"}],"predecessor-version":[{"id":13666,"href":"https:\/\/www.ministeriodegobierno.gob.ec\/derechoshumanos\/wp-json\/wp\/v2\/posts\/13664\/revisions\/13666"}],"wp:featuredmedia":[{"embeddable":true,"href":"https:\/\/www.ministeriodegobierno.gob.ec\/derechoshumanos\/wp-json\/wp\/v2\/media\/13665"}],"wp:attachment":[{"href":"https:\/\/www.ministeriodegobierno.gob.ec\/derechoshumanos\/wp-json\/wp\/v2\/media?parent=13664"}],"wp:term":[{"taxonomy":"category","embeddable":true,"href":"https:\/\/www.ministeriodegobierno.gob.ec\/derechoshumanos\/wp-json\/wp\/v2\/categories?post=13664"},{"taxonomy":"post_tag","embeddable":true,"href":"https:\/\/www.ministeriodegobierno.gob.ec\/derechoshumanos\/wp-json\/wp\/v2\/tags?post=13664"}],"curies":[{"name":"wp","href":"https:\/\/api.w.org\/{rel}","templated":true}]}}