{"id":13683,"date":"2022-09-28T15:07:48","date_gmt":"2022-09-28T20:07:48","guid":{"rendered":"https:\/\/www.derechoshumanos.gob.ec\/?p=13683"},"modified":"2022-09-28T15:20:38","modified_gmt":"2022-09-28T20:20:38","slug":"en-quito-se-dialoga-sobre-centros-de-atencion-integral-y-casas-de-acogida","status":"publish","type":"post","link":"https:\/\/www.ministeriodegobierno.gob.ec\/derechoshumanos\/2022\/09\/28\/en-quito-se-dialoga-sobre-centros-de-atencion-integral-y-casas-de-acogida\/","title":{"rendered":"Quito es sede del encuentro de Centros de Atenci\u00f3n Integral y Casas de Acogida"},"content":{"rendered":"<p><strong>Quito, 28 de septiembre de 2022.-<\/strong> Los d\u00edas 28 y 29 de septiembre de 2022 se realiza, en Quito, el <em>Encuentro Nacional de Casas de Acogida y Centros de Atenci\u00f3n Integral<\/em> para fortalecer la lucha contra la violencia basada en g\u00e9nero mediante el trabajo conjunto entre el Estado, cooperaci\u00f3n internacional y la sociedad civil. El encuentro es organizado por la Secretar\u00eda de Derechos Humanos y la Cooperaci\u00f3n T\u00e9cnica Alemana (GIZ) a trav\u00e9s del Programa Uni\u00f3n Europea para Frontera Norte Territorio de Desarrollo y Paz con el financiamiento de la Uni\u00f3n Europea y el gobierno alem\u00e1n.<\/p>\n<p>Este espacio cuenta con la participaci\u00f3n de 50 representantes de Centros y Casas de Acogida de Ecuador y tiene el objetivo de establecer un espacio de di\u00e1logo e intercambio de conocimientos y experiencias para reformar el \u201cModelo de Atenci\u00f3n de Centros de Atenci\u00f3n Integral\u201d, y recopilar aportes, actualizarlo y expedir un nuevo reglamento para la suscripci\u00f3n de convenios para el a\u00f1o 2023.<\/p>\n<p>La secretaria Paola Flores Jaramillo, durante la inauguraci\u00f3n del espacio, destac\u00f3 la participaci\u00f3n que permitir\u00e1 fortalecer estos espacios de acogida para mujeres v\u00edctimas de violencia. A la vez, se\u00f1al\u00f3 el compromiso desde la Secretar\u00eda de Derechos Humanos por trabajar con cada uno de estos espacios a nivel nacional y actualizar el Modelo.<\/p>\n<p>De su lado, Julia Unger, coordinadora nacional del programa SI-Frontera de GIZ destac\u00f3 el liderazgo de la Secretar\u00eda de Derechos Humanos, la importancia de la prevenci\u00f3n y el trabajo que se realizar\u00e1 con representantes de las casas de acogida, en particular en la Frontera Norte de Ecuador.<\/p>\n<p>Durante los dos d\u00edas de di\u00e1logo, se conversar\u00e1 sobre el Modelo de Atenci\u00f3n para Casas de Acogida con el objetivo de actualizarlo y reformarlo, desde la comprensi\u00f3n de las diferentes realidades en territorio, diversidad de casos, atenciones y experiencias que existen en los distintos espacios de asistencia a las mujeres v\u00edctimas de violencia basada en g\u00e9nero.<\/p>\n<p>El Gobierno Nacional se ha comprometido en aumentar el presupuesto para el fortalecimiento de las atenciones a trav\u00e9s de las organizaciones sociales, esto permitir\u00e1 firmar m\u00e1s convenios con organizaciones y aumentar el equipo t\u00e9cnico para mejorar la calidad de las atenciones.<\/p>\n<p>Esta actividad se enmarca, adem\u00e1s, en los compromisos del Sistema Nacional Integral para Prevenir y Erradicar la Violencia contra las Mujeres, que se reuni\u00f3 el 27 de septiembre de 2022 y busca generar acciones para continuar con el trabajo de prevenci\u00f3n y erradicaci\u00f3n en todo el Ecuador.<\/p>\n<p>&nbsp;<\/p>\n<p>&nbsp;<\/p>\n<p>&nbsp;<\/p>\n","protected":false},"excerpt":{"rendered":"<p class=\"excerpt\">Quito, 28 de septiembre de 2022.- Los d\u00edas 28 y 29 de septiembre de 2022 se realiza, en Quito, el Encuentro Nacional de Casas de Acogida y Centros de Atenci\u00f3n Integral para fortalecer la lucha contra la violencia basada en g\u00e9nero mediante el trabajo conjunto entre el Estado, cooperaci\u00f3n internacional y la sociedad civil. El encuentro es organizado por la&hellip; <a href=\"https:\/\/www.ministeriodegobierno.gob.ec\/derechoshumanos\/2022\/09\/28\/en-quito-se-dialoga-sobre-centros-de-atencion-integral-y-casas-de-acogida\/\">Read more &rarr;<\/a><\/p>\n","protected":false},"author":6,"featured_media":13684,"comment_status":"closed","ping_status":"closed","sticky":false,"template":"","format":"standard","meta":{"footnotes":""},"categories":[20,19,5],"tags":[33,34,36,35,30],"class_list":["post-13683","post","type-post","status-publish","format-standard","has-post-thumbnail","hentry","category-boletin-de-prensa","category-la-secretaria","category-noticias","tag-casas-de-acogida","tag-centros-de-atencion-integral","tag-ddhh-ecuador","tag-mujeres","tag-sdh","xfolkentry"],"_links":{"self":[{"href":"https:\/\/www.ministeriodegobierno.gob.ec\/derechoshumanos\/wp-json\/wp\/v2\/posts\/13683","targetHints":{"allow":["GET"]}}],"collection":[{"href":"https:\/\/www.ministeriodegobierno.gob.ec\/derechoshumanos\/wp-json\/wp\/v2\/posts"}],"about":[{"href":"https:\/\/www.ministeriodegobierno.gob.ec\/derechoshumanos\/wp-json\/wp\/v2\/types\/post"}],"author":[{"embeddable":true,"href":"https:\/\/www.ministeriodegobierno.gob.ec\/derechoshumanos\/wp-json\/wp\/v2\/users\/6"}],"replies":[{"embeddable":true,"href":"https:\/\/www.ministeriodegobierno.gob.ec\/derechoshumanos\/wp-json\/wp\/v2\/comments?post=13683"}],"version-history":[{"count":3,"href":"https:\/\/www.ministeriodegobierno.gob.ec\/derechoshumanos\/wp-json\/wp\/v2\/posts\/13683\/revisions"}],"predecessor-version":[{"id":13687,"href":"https:\/\/www.ministeriodegobierno.gob.ec\/derechoshumanos\/wp-json\/wp\/v2\/posts\/13683\/revisions\/13687"}],"wp:featuredmedia":[{"embeddable":true,"href":"https:\/\/www.ministeriodegobierno.gob.ec\/derechoshumanos\/wp-json\/wp\/v2\/media\/13684"}],"wp:attachment":[{"href":"https:\/\/www.ministeriodegobierno.gob.ec\/derechoshumanos\/wp-json\/wp\/v2\/media?parent=13683"}],"wp:term":[{"taxonomy":"category","embeddable":true,"href":"https:\/\/www.ministeriodegobierno.gob.ec\/derechoshumanos\/wp-json\/wp\/v2\/categories?post=13683"},{"taxonomy":"post_tag","embeddable":true,"href":"https:\/\/www.ministeriodegobierno.gob.ec\/derechoshumanos\/wp-json\/wp\/v2\/tags?post=13683"}],"curies":[{"name":"wp","href":"https:\/\/api.w.org\/{rel}","templated":true}]}}