{"id":13689,"date":"2022-09-29T19:11:52","date_gmt":"2022-09-30T00:11:52","guid":{"rendered":"https:\/\/www.derechoshumanos.gob.ec\/?p=13689"},"modified":"2022-09-29T19:13:15","modified_gmt":"2022-09-30T00:13:15","slug":"gobierno-nacional-creara-una-mesa-de-dialogo-de-mujeres-para-prevenir-y-erradicar-la-violencia","status":"publish","type":"post","link":"https:\/\/www.ministeriodegobierno.gob.ec\/derechoshumanos\/2022\/09\/29\/gobierno-nacional-creara-una-mesa-de-dialogo-de-mujeres-para-prevenir-y-erradicar-la-violencia\/","title":{"rendered":"Gobierno Nacional crear\u00e1 una Mesa de di\u00e1logo de Mujeres para prevenir y erradicar la violencia"},"content":{"rendered":"<p><strong>Quito, 29 de septiembre de 2022.- <\/strong>La secretaria de Derechos Humanos, Paola Flores Jaramillo, junto al ministro de Gobierno, Francisco Jim\u00e9nez, anunci\u00f3 la creaci\u00f3n de una Mesa de di\u00e1logo de Mujeres para prevenir y erradicar la violencia.<\/p>\n<p>Esta Mesa tiene como objetivo recoger propuestas, ideas, experiencias de mujeres de todos los sectores del pa\u00eds para consolidar acciones para prevenir y erradicar la violencia en nuestro pa\u00eds. Y as\u00ed tambi\u00e9n fortalecer las capacidades de las instituciones del Estado para la implementaci\u00f3n de la Ley Org\u00e1nica Integral para Prevenir y Erradicar la Violencia.<\/p>\n<p>\u201cEsta propuesta la construimos todas, queremos escuchar las voces desde puntos de vista diverso, incluyendo las voces de artesanas, emprendedoras y, junto al movimiento de mujeres, plantear soluciones concretas para prevenir y erradicar la violencia de g\u00e9nero\u201d, se\u00f1al\u00f3 la secretaria Paola Flores.<\/p>\n<p>En su intervenci\u00f3n el ministro de Gobierno, Francisco Jim\u00e9nez, explic\u00f3 \u201cEsta mesa de di\u00e1logo va a sostener mesas itinerantes en las 24 provincias del pa\u00eds, va a receptar testimonios de los diferentes colectivos de mujeres y tambi\u00e9n de los colectivos sociales, porque esta no es una problem\u00e1tica que se circunscribe a un g\u00e9nero, sino que nos afecta a todos como pa\u00eds\u201d.<\/p>\n<p>Esta es una de las acciones del Gobierno Nacional, tras el compromiso del presidente Guillermo Lasso, para trabajar por la prevenci\u00f3n de la violencia y as\u00ed reducir los \u00edndices de femicidios en Ecuador dando pasos firmes con acciones concretas enfocadas en la garant\u00eda de derechos de las mujeres.<\/p>\n<p>&nbsp;<\/p>\n","protected":false},"excerpt":{"rendered":"<p class=\"excerpt\">Quito, 29 de septiembre de 2022.- La secretaria de Derechos Humanos, Paola Flores Jaramillo, junto al ministro de Gobierno, Francisco Jim\u00e9nez, anunci\u00f3 la creaci\u00f3n de una Mesa de di\u00e1logo de Mujeres para prevenir y erradicar la violencia. Esta Mesa tiene como objetivo recoger propuestas, ideas, experiencias de mujeres de todos los sectores del pa\u00eds para consolidar acciones para prevenir y&hellip; <a href=\"https:\/\/www.ministeriodegobierno.gob.ec\/derechoshumanos\/2022\/09\/29\/gobierno-nacional-creara-una-mesa-de-dialogo-de-mujeres-para-prevenir-y-erradicar-la-violencia\/\">Read more &rarr;<\/a><\/p>\n","protected":false},"author":6,"featured_media":13690,"comment_status":"closed","ping_status":"closed","sticky":false,"template":"","format":"standard","meta":{"footnotes":""},"categories":[20,19,5],"tags":[36,35,30],"class_list":["post-13689","post","type-post","status-publish","format-standard","has-post-thumbnail","hentry","category-boletin-de-prensa","category-la-secretaria","category-noticias","tag-ddhh-ecuador","tag-mujeres","tag-sdh","xfolkentry"],"_links":{"self":[{"href":"https:\/\/www.ministeriodegobierno.gob.ec\/derechoshumanos\/wp-json\/wp\/v2\/posts\/13689","targetHints":{"allow":["GET"]}}],"collection":[{"href":"https:\/\/www.ministeriodegobierno.gob.ec\/derechoshumanos\/wp-json\/wp\/v2\/posts"}],"about":[{"href":"https:\/\/www.ministeriodegobierno.gob.ec\/derechoshumanos\/wp-json\/wp\/v2\/types\/post"}],"author":[{"embeddable":true,"href":"https:\/\/www.ministeriodegobierno.gob.ec\/derechoshumanos\/wp-json\/wp\/v2\/users\/6"}],"replies":[{"embeddable":true,"href":"https:\/\/www.ministeriodegobierno.gob.ec\/derechoshumanos\/wp-json\/wp\/v2\/comments?post=13689"}],"version-history":[{"count":1,"href":"https:\/\/www.ministeriodegobierno.gob.ec\/derechoshumanos\/wp-json\/wp\/v2\/posts\/13689\/revisions"}],"predecessor-version":[{"id":13691,"href":"https:\/\/www.ministeriodegobierno.gob.ec\/derechoshumanos\/wp-json\/wp\/v2\/posts\/13689\/revisions\/13691"}],"wp:featuredmedia":[{"embeddable":true,"href":"https:\/\/www.ministeriodegobierno.gob.ec\/derechoshumanos\/wp-json\/wp\/v2\/media\/13690"}],"wp:attachment":[{"href":"https:\/\/www.ministeriodegobierno.gob.ec\/derechoshumanos\/wp-json\/wp\/v2\/media?parent=13689"}],"wp:term":[{"taxonomy":"category","embeddable":true,"href":"https:\/\/www.ministeriodegobierno.gob.ec\/derechoshumanos\/wp-json\/wp\/v2\/categories?post=13689"},{"taxonomy":"post_tag","embeddable":true,"href":"https:\/\/www.ministeriodegobierno.gob.ec\/derechoshumanos\/wp-json\/wp\/v2\/tags?post=13689"}],"curies":[{"name":"wp","href":"https:\/\/api.w.org\/{rel}","templated":true}]}}