{"id":13692,"date":"2022-09-30T17:35:44","date_gmt":"2022-09-30T22:35:44","guid":{"rendered":"https:\/\/www.derechoshumanos.gob.ec\/?p=13692"},"modified":"2022-09-30T17:36:54","modified_gmt":"2022-09-30T22:36:54","slug":"en-loja-se-activo-se-la-ruta-esa-es-para-prevenir-el-embarazo-en-ninas-y-adolescentes","status":"publish","type":"post","link":"https:\/\/www.ministeriodegobierno.gob.ec\/derechoshumanos\/2022\/09\/30\/en-loja-se-activo-se-la-ruta-esa-es-para-prevenir-el-embarazo-en-ninas-y-adolescentes\/","title":{"rendered":"En Loja se activ\u00f3 la ruta \u201cESA ES\u201d para prevenir el embarazo en ni\u00f1as y adolescentes"},"content":{"rendered":"<p><strong>Loja, 30 de septiembre.-<\/strong> Uno de los lineamientos estrat\u00e9gicos establecidos en la Pol\u00edtica Intersectorial de Prevenci\u00f3n del Embarazo en Ni\u00f1as y Adolescentes 2018-2025 (PIPENA) es fortalecer la actuaci\u00f3n sectorial y la coordinaci\u00f3n intersectorial para abordar la prevenci\u00f3n del embarazo en ni\u00f1as y adolescentes.<\/p>\n<p>En este sentido, desde la Oficina T\u00e9cnica Zonal 7 se desarrolla la Mesa Intersectorial para la Prevenci\u00f3n del Embarazo en Ni\u00f1as y Adolescentes, liderada por la Secretar\u00eda de Derechos Humanos, y los Ministerios de Salud, Educaci\u00f3n e Inclusi\u00f3n Econ\u00f3mica y Social, a la cual se han sumado actores locales como la Gobernaci\u00f3n de Loja, Polic\u00eda Nacional a trav\u00e9s de la DINAPEN, Hospital del D\u00eda Central, Consejo de Igualdad Intergeneracional, Plan Internacional Ecuador y Centro de Apoyo Social Municipal CASMUL.<\/p>\n<p>Como acci\u00f3n conmemorativa por la Semana Andina y Centroamericana de Prevenci\u00f3n del Embarazo Adolescente \u2013 2022, se activ\u00f3 la <strong>Ruta \u201cESA ES\u201d,<\/strong> en la que adolescentes de planteles educativos de la ciudad de Loja realizaron \u00a0un recorrido a varias entidades de la urbe, en donde expusieron tem\u00e1ticas relacionadas a la prevenci\u00f3n del embarazo adolescente.<\/p>\n<p>La Ruta fue dise\u00f1ada con el fin de activar los servicios amigables para los adolescentes donde les brind\u00f3 atenci\u00f3n integral y oportuna, iniciando la primera estaci\u00f3n en el Centro Educativo Antonio Pe\u00f1a Celi en la que abordaron el tema \u201cCuidado del Cuerpo\u201d a trav\u00e9s de juegos l\u00fadicos. Momentos despu\u00e9s se dirigieron en el bus tur\u00edstico hasta el Centro de Salud del D\u00eda, del Instituto Ecuatoriano de Seguridad Social (IESS) donde se trat\u00f3 sobre \u201cCuidado Integral\u201d, participaron en juegos y recibieron charlas de prevenci\u00f3n.<\/p>\n<p>La estaci\u00f3n tres sobre \u201cM\u00e9todos Anticonceptivos\u201d fue en el Banco de Loja, la cuatro \u201cProyecto de Vida\u201d en el Centro de Apoyo Social Municipal \u2013 CASMUL y la quinta estaci\u00f3n \u201cPrevenci\u00f3n de la Violencia de G\u00e9nero\u201d en el Centro de Salud Nro 2. En cada espacio, los profesionales informaron sobre, habilidades, oportunidades y c\u00f3mo desarrollar sus capacidades al momento de tomar decisiones.<\/p>\n<p>Sophia Cueva Mej\u00eda, coordinadora de la Oficina T\u00e9cnica 7, expres\u00f3 \u201cEjecutar este tipo de acciones, nos permite articular las pol\u00edticas, planes, proyectos, mecanismos y medidas de acciones necesarias para la prevenci\u00f3n no solo del embarazo, sino de todas las formas de violencia, cumpliendo con el eje de prevenci\u00f3n descrito en la Ley Organiza Integral para Prevenir y Erradicar la Violencia\u201d.<\/p>\n<p>&nbsp;<\/p>\n<p>&nbsp;<\/p>\n<p>&nbsp;<\/p>\n<p>&nbsp;<\/p>\n<p>&nbsp;<\/p>\n<p>&nbsp;<\/p>\n<p>&nbsp;<\/p>\n<p>&nbsp;<\/p>\n<p>&nbsp;<\/p>\n<p>&nbsp;<\/p>\n<p>&nbsp;<\/p>\n","protected":false},"excerpt":{"rendered":"<p class=\"excerpt\">Loja, 30 de septiembre.- Uno de los lineamientos estrat\u00e9gicos establecidos en la Pol\u00edtica Intersectorial de Prevenci\u00f3n del Embarazo en Ni\u00f1as y Adolescentes 2018-2025 (PIPENA) es fortalecer la actuaci\u00f3n sectorial y la coordinaci\u00f3n intersectorial para abordar la prevenci\u00f3n del embarazo en ni\u00f1as y adolescentes. En este sentido, desde la Oficina T\u00e9cnica Zonal 7 se desarrolla la Mesa Intersectorial para la Prevenci\u00f3n&hellip; <a href=\"https:\/\/www.ministeriodegobierno.gob.ec\/derechoshumanos\/2022\/09\/30\/en-loja-se-activo-se-la-ruta-esa-es-para-prevenir-el-embarazo-en-ninas-y-adolescentes\/\">Read more &rarr;<\/a><\/p>\n","protected":false},"author":6,"featured_media":13693,"comment_status":"closed","ping_status":"closed","sticky":false,"template":"","format":"standard","meta":{"footnotes":""},"categories":[20,19,5],"tags":[],"class_list":["post-13692","post","type-post","status-publish","format-standard","has-post-thumbnail","hentry","category-boletin-de-prensa","category-la-secretaria","category-noticias","xfolkentry"],"_links":{"self":[{"href":"https:\/\/www.ministeriodegobierno.gob.ec\/derechoshumanos\/wp-json\/wp\/v2\/posts\/13692","targetHints":{"allow":["GET"]}}],"collection":[{"href":"https:\/\/www.ministeriodegobierno.gob.ec\/derechoshumanos\/wp-json\/wp\/v2\/posts"}],"about":[{"href":"https:\/\/www.ministeriodegobierno.gob.ec\/derechoshumanos\/wp-json\/wp\/v2\/types\/post"}],"author":[{"embeddable":true,"href":"https:\/\/www.ministeriodegobierno.gob.ec\/derechoshumanos\/wp-json\/wp\/v2\/users\/6"}],"replies":[{"embeddable":true,"href":"https:\/\/www.ministeriodegobierno.gob.ec\/derechoshumanos\/wp-json\/wp\/v2\/comments?post=13692"}],"version-history":[{"count":2,"href":"https:\/\/www.ministeriodegobierno.gob.ec\/derechoshumanos\/wp-json\/wp\/v2\/posts\/13692\/revisions"}],"predecessor-version":[{"id":13695,"href":"https:\/\/www.ministeriodegobierno.gob.ec\/derechoshumanos\/wp-json\/wp\/v2\/posts\/13692\/revisions\/13695"}],"wp:featuredmedia":[{"embeddable":true,"href":"https:\/\/www.ministeriodegobierno.gob.ec\/derechoshumanos\/wp-json\/wp\/v2\/media\/13693"}],"wp:attachment":[{"href":"https:\/\/www.ministeriodegobierno.gob.ec\/derechoshumanos\/wp-json\/wp\/v2\/media?parent=13692"}],"wp:term":[{"taxonomy":"category","embeddable":true,"href":"https:\/\/www.ministeriodegobierno.gob.ec\/derechoshumanos\/wp-json\/wp\/v2\/categories?post=13692"},{"taxonomy":"post_tag","embeddable":true,"href":"https:\/\/www.ministeriodegobierno.gob.ec\/derechoshumanos\/wp-json\/wp\/v2\/tags?post=13692"}],"curies":[{"name":"wp","href":"https:\/\/api.w.org\/{rel}","templated":true}]}}