{"id":13696,"date":"2022-10-03T10:02:21","date_gmt":"2022-10-03T15:02:21","guid":{"rendered":"https:\/\/www.derechoshumanos.gob.ec\/?p=13696"},"modified":"2022-10-03T10:02:21","modified_gmt":"2022-10-03T15:02:21","slug":"alianza-por-las-diversidades-sexo-genericas-para-la-obtencion-de-data-se-suscribio-en-quito","status":"publish","type":"post","link":"https:\/\/www.ministeriodegobierno.gob.ec\/derechoshumanos\/2022\/10\/03\/alianza-por-las-diversidades-sexo-genericas-para-la-obtencion-de-data-se-suscribio-en-quito\/","title":{"rendered":"\u00abAlianza por las Diversidades Sexo &#8211; Gen\u00e9ricas\u00bb para la obtenci\u00f3n de data se suscribi\u00f3 en Quito"},"content":{"rendered":"<p><strong>Quito, 3 de octubre de 2022.-<\/strong> \u00a0Para construir y fortalecer espacios y mecanismos de participaci\u00f3n, en especial con aquellos relacionados a los procesos estad\u00edsticos para el levantamiento de informaci\u00f3n sobre poblaci\u00f3n LGBTI+ se suscribi\u00f3 la Alianza por las Diversidades Sexo-Gen\u00e9ricas, entre activistas, l\u00edderes, lideresas, representantes de organizaciones y colectivos de las poblaciones LGBTI+ de Ecuador, la Secretar\u00eda de Derechos Humanos y el Instituto de Estad\u00edstica y Censos \u2013 INEC y el Consejo Nacional para la Igualdad de G\u00e9nero.<\/p>\n<p>La firma de esta alianza se desarroll\u00f3 en el marco del taller de Socializaci\u00f3n y Presentaci\u00f3n de las estrategias para el levantamiento de informaci\u00f3n sobre poblaci\u00f3n LGBTI+, que tuvo como objetivo dar a conocer las estrategias para la generaci\u00f3n de informaci\u00f3n en el marco del trabajo interinstitucional para promover la mejora en las condiciones de vida de la poblaci\u00f3n LGBTI+ y garantizar la compresi\u00f3n e importancia de estos procesos por parte de la poblaci\u00f3n.<\/p>\n<p>\u201cDe manera interinstitucional impulsamos la Encuesta piloto de Condiciones de Vida de la poblaci\u00f3n LGBTI+; y el Levantamiento de informaci\u00f3n de la poblaci\u00f3n LGBTI+ recluida en los centros de privaci\u00f3n de libertad del pa\u00eds\u201d, se\u00f1al\u00f3 el Subsecretario de Diversidades, Alexander Guano.<\/p>\n<p>En el taller participaron\u00a0 activistas, l\u00edderes, lideresas, representantes de organizaciones y colectivos de las poblaciones LGBTI+ de Ecuador, a fin de\u00a0 construir y fortalecer espacios y mecanismos de participaci\u00f3n, en especial con aquellos relacionados a los procesos estad\u00edsticos para el levantamiento de informaci\u00f3n sobre poblaci\u00f3n LGBTI+ y resultados del Censo Ecuador 2022.<\/p>\n<p>Desde esta instituci\u00f3n, mediante la Subsecretar\u00eda de Diversidades seguimos sumando acciones participativas entre las instituciones del Estado, los organismos internacionales y la poblaci\u00f3n LGBTI+ para la implementaci\u00f3n de estrategias y planes de gobierno para disminuir las brechas, impulsar la generaci\u00f3n igualitaria de oportunidades, potenciar la asociatividad y productividad, enfocar los servicios en torno a las necesidades de esta poblaci\u00f3n.<\/p>\n<p>&nbsp;<\/p>\n<p>&nbsp;<\/p>\n<p>&nbsp;<\/p>\n","protected":false},"excerpt":{"rendered":"<p class=\"excerpt\">Quito, 3 de octubre de 2022.- \u00a0Para construir y fortalecer espacios y mecanismos de participaci\u00f3n, en especial con aquellos relacionados a los procesos estad\u00edsticos para el levantamiento de informaci\u00f3n sobre poblaci\u00f3n LGBTI+ se suscribi\u00f3 la Alianza por las Diversidades Sexo-Gen\u00e9ricas, entre activistas, l\u00edderes, lideresas, representantes de organizaciones y colectivos de las poblaciones LGBTI+ de Ecuador, la Secretar\u00eda de Derechos Humanos&hellip; <a href=\"https:\/\/www.ministeriodegobierno.gob.ec\/derechoshumanos\/2022\/10\/03\/alianza-por-las-diversidades-sexo-genericas-para-la-obtencion-de-data-se-suscribio-en-quito\/\">Read more &rarr;<\/a><\/p>\n","protected":false},"author":6,"featured_media":13697,"comment_status":"closed","ping_status":"closed","sticky":false,"template":"","format":"standard","meta":{"footnotes":""},"categories":[20,5,6],"tags":[36,38,37,39],"class_list":["post-13696","post","type-post","status-publish","format-standard","has-post-thumbnail","hentry","category-boletin-de-prensa","category-noticias","category-noticias-destacadas","tag-ddhh-ecuador","tag-ecuador-diverso","tag-lgbti","tag-subsecretaria-de-diversidades","xfolkentry"],"_links":{"self":[{"href":"https:\/\/www.ministeriodegobierno.gob.ec\/derechoshumanos\/wp-json\/wp\/v2\/posts\/13696","targetHints":{"allow":["GET"]}}],"collection":[{"href":"https:\/\/www.ministeriodegobierno.gob.ec\/derechoshumanos\/wp-json\/wp\/v2\/posts"}],"about":[{"href":"https:\/\/www.ministeriodegobierno.gob.ec\/derechoshumanos\/wp-json\/wp\/v2\/types\/post"}],"author":[{"embeddable":true,"href":"https:\/\/www.ministeriodegobierno.gob.ec\/derechoshumanos\/wp-json\/wp\/v2\/users\/6"}],"replies":[{"embeddable":true,"href":"https:\/\/www.ministeriodegobierno.gob.ec\/derechoshumanos\/wp-json\/wp\/v2\/comments?post=13696"}],"version-history":[{"count":1,"href":"https:\/\/www.ministeriodegobierno.gob.ec\/derechoshumanos\/wp-json\/wp\/v2\/posts\/13696\/revisions"}],"predecessor-version":[{"id":13698,"href":"https:\/\/www.ministeriodegobierno.gob.ec\/derechoshumanos\/wp-json\/wp\/v2\/posts\/13696\/revisions\/13698"}],"wp:featuredmedia":[{"embeddable":true,"href":"https:\/\/www.ministeriodegobierno.gob.ec\/derechoshumanos\/wp-json\/wp\/v2\/media\/13697"}],"wp:attachment":[{"href":"https:\/\/www.ministeriodegobierno.gob.ec\/derechoshumanos\/wp-json\/wp\/v2\/media?parent=13696"}],"wp:term":[{"taxonomy":"category","embeddable":true,"href":"https:\/\/www.ministeriodegobierno.gob.ec\/derechoshumanos\/wp-json\/wp\/v2\/categories?post=13696"},{"taxonomy":"post_tag","embeddable":true,"href":"https:\/\/www.ministeriodegobierno.gob.ec\/derechoshumanos\/wp-json\/wp\/v2\/tags?post=13696"}],"curies":[{"name":"wp","href":"https:\/\/api.w.org\/{rel}","templated":true}]}}