{"id":13699,"date":"2022-10-04T15:43:28","date_gmt":"2022-10-04T20:43:28","guid":{"rendered":"https:\/\/www.derechoshumanos.gob.ec\/?p=13699"},"modified":"2022-10-04T16:08:00","modified_gmt":"2022-10-04T21:08:00","slug":"gobierno-nacional-instala-mesa-de-dialogo-de-mujeres-para-prevenir-y-erradicar-la-violencia","status":"publish","type":"post","link":"https:\/\/www.ministeriodegobierno.gob.ec\/derechoshumanos\/2022\/10\/04\/gobierno-nacional-instala-mesa-de-dialogo-de-mujeres-para-prevenir-y-erradicar-la-violencia\/","title":{"rendered":"Gobierno Nacional instala Mesa de Di\u00e1logo de Mujeres para prevenir y erradicar la violencia"},"content":{"rendered":"<p><strong>Quito, 4 de octubre 2022.- <\/strong>El presidente de la Rep\u00fablica, Guillermo Lasso Mendoza, junto a la secretaria de Derechos Humanos, Paola Flores Jaramillo, lideraron la Mesa de di\u00e1logo de Mujeres para prevenir y erradicar la violencia de g\u00e9nero.<\/p>\n<p>Esta mesa cont\u00f3 con la presencia de mujeres, representantes de todo el pa\u00eds quienes dieron a conocer sus propuestas, ideas, experiencias para consolidar acciones inmediatas de trabajo contra esta problem\u00e1tica social. En esta reuni\u00f3n tambi\u00e9n se cont\u00f3 con la presencia del ministro de Gobierno, Francisco Jim\u00e9nez.<\/p>\n<p>Una de las acciones anunciadas fue la pr\u00f3xima firma de un Decreto Ejecutivo para que el Registro \u00danico de Violencia (RUV) este a cargo de la Secretar\u00eda de Derechos Humanos.<\/p>\n<p>\u201cHay un camino trazado. Tenemos una Ley que nos ampara, pero es necesario fortalecer y aplicar acciones claras que reduzcan y consoliden la prevenci\u00f3n a la violencia de g\u00e9nero en pleno respeto de los derechos de las mujeres\u201d se\u00f1al\u00f3 la secretaria, Paola Flores.<\/p>\n<p>Adem\u00e1s, se analiza la posibilidad de fortalecer la institucionalidad de la Secretar\u00eda de Derechos Humanos, mediante la propuesta de creaci\u00f3n del Ministerio rector, as\u00ed como mejorar la coordinaci\u00f3n con los gobiernos parroquiales, municipales y provinciales para fortalecer los sistemas de protecci\u00f3n local de derechos.<\/p>\n<p>Por su parte Solanda Goyes, directora de Acceso a los Servicios de Justicia del Consejo de la Judicatura mencion\u00f3 la necesidad de articular los servicios de las instituciones del Estado para brindar una atenci\u00f3n integral a las v\u00edctimas de violencia de g\u00e9nero.<\/p>\n<p>El Gobierno Nacional ha puesto como prioridad sus derechos y el trabajo para prevenir y erradicar la violencia de g\u00e9nero en el Ecuador.<\/p>\n","protected":false},"excerpt":{"rendered":"<p class=\"excerpt\">Quito, 4 de octubre 2022.- El presidente de la Rep\u00fablica, Guillermo Lasso Mendoza, junto a la secretaria de Derechos Humanos, Paola Flores Jaramillo, lideraron la Mesa de di\u00e1logo de Mujeres para prevenir y erradicar la violencia de g\u00e9nero. Esta mesa cont\u00f3 con la presencia de mujeres, representantes de todo el pa\u00eds quienes dieron a conocer sus propuestas, ideas, experiencias para&hellip; <a href=\"https:\/\/www.ministeriodegobierno.gob.ec\/derechoshumanos\/2022\/10\/04\/gobierno-nacional-instala-mesa-de-dialogo-de-mujeres-para-prevenir-y-erradicar-la-violencia\/\">Read more &rarr;<\/a><\/p>\n","protected":false},"author":10,"featured_media":13700,"comment_status":"closed","ping_status":"closed","sticky":false,"template":"","format":"standard","meta":{"footnotes":""},"categories":[20,5,6],"tags":[],"class_list":["post-13699","post","type-post","status-publish","format-standard","has-post-thumbnail","hentry","category-boletin-de-prensa","category-noticias","category-noticias-destacadas","xfolkentry"],"_links":{"self":[{"href":"https:\/\/www.ministeriodegobierno.gob.ec\/derechoshumanos\/wp-json\/wp\/v2\/posts\/13699","targetHints":{"allow":["GET"]}}],"collection":[{"href":"https:\/\/www.ministeriodegobierno.gob.ec\/derechoshumanos\/wp-json\/wp\/v2\/posts"}],"about":[{"href":"https:\/\/www.ministeriodegobierno.gob.ec\/derechoshumanos\/wp-json\/wp\/v2\/types\/post"}],"author":[{"embeddable":true,"href":"https:\/\/www.ministeriodegobierno.gob.ec\/derechoshumanos\/wp-json\/wp\/v2\/users\/10"}],"replies":[{"embeddable":true,"href":"https:\/\/www.ministeriodegobierno.gob.ec\/derechoshumanos\/wp-json\/wp\/v2\/comments?post=13699"}],"version-history":[{"count":3,"href":"https:\/\/www.ministeriodegobierno.gob.ec\/derechoshumanos\/wp-json\/wp\/v2\/posts\/13699\/revisions"}],"predecessor-version":[{"id":13703,"href":"https:\/\/www.ministeriodegobierno.gob.ec\/derechoshumanos\/wp-json\/wp\/v2\/posts\/13699\/revisions\/13703"}],"wp:featuredmedia":[{"embeddable":true,"href":"https:\/\/www.ministeriodegobierno.gob.ec\/derechoshumanos\/wp-json\/wp\/v2\/media\/13700"}],"wp:attachment":[{"href":"https:\/\/www.ministeriodegobierno.gob.ec\/derechoshumanos\/wp-json\/wp\/v2\/media?parent=13699"}],"wp:term":[{"taxonomy":"category","embeddable":true,"href":"https:\/\/www.ministeriodegobierno.gob.ec\/derechoshumanos\/wp-json\/wp\/v2\/categories?post=13699"},{"taxonomy":"post_tag","embeddable":true,"href":"https:\/\/www.ministeriodegobierno.gob.ec\/derechoshumanos\/wp-json\/wp\/v2\/tags?post=13699"}],"curies":[{"name":"wp","href":"https:\/\/api.w.org\/{rel}","templated":true}]}}