{"id":13704,"date":"2022-10-04T16:12:04","date_gmt":"2022-10-04T21:12:04","guid":{"rendered":"https:\/\/www.derechoshumanos.gob.ec\/?p=13704"},"modified":"2022-10-04T17:16:23","modified_gmt":"2022-10-04T22:16:23","slug":"secretaria-de-derechos-humanos-activa-su-servicio-de-proteccion-integral-ante-acontecimientos-en-el-cpl-cotopaxi-no-1","status":"publish","type":"post","link":"https:\/\/www.ministeriodegobierno.gob.ec\/derechoshumanos\/2022\/10\/04\/secretaria-de-derechos-humanos-activa-su-servicio-de-proteccion-integral-ante-acontecimientos-en-el-cpl-cotopaxi-no-1\/","title":{"rendered":"Secretar\u00eda de Derechos Humanos activa su Servicio de Protecci\u00f3n Integral ante acontecimientos en el CPL Cotopaxi N\u00ba. 1"},"content":{"rendered":"<p><strong>04 de octubre del 2022, Cotopaxi._<\/strong> El Servicio de Protecci\u00f3n Integral con el apoyo de psic\u00f3logos, trabajadores sociales, m\u00e9dicos y abogados de las instituciones presentes,\u00a0 brind\u00f3 atenci\u00f3n integral a familiares de las Personas Privadas de la Libertad (PPL) frente a los hechos ocurridos en el Centro de Privaci\u00f3n de Libertad (CPL) Cotopaxi No. 1.<\/p>\n<p>A la vez se articulan acciones emergentes, en coordinaci\u00f3n con representantes del Ministerio de Inclusi\u00f3n Econ\u00f3mica y Social (MIES), Ministerio de Salud P\u00fablica (MSP), Polic\u00eda Nacional, Defensor\u00eda P\u00fablica, Gobernaci\u00f3n de Tungurahua, Registro Civil y Municipio de Ambato.<\/p>\n<p>Paola Flores Jaramillo, secretaria de Derechos Humanos y presidenta del Directorio del Organismo T\u00e9cnico del Sistema Nacional de Rehabilitaci\u00f3n Social (DOT), dispuso que, de acuerdo a las competencias de esta cartera de Estado, se brinde contenci\u00f3n emocional, primeros auxilios psicol\u00f3gicos, levantamiento de informaci\u00f3n, coordinaci\u00f3n con el Registro Civil para la entrega de los certificados de defunci\u00f3n y donaci\u00f3n de ata\u00fades en caso de requerirlo.<\/p>\n<p>Desde el Gobierno Nacional, a trav\u00e9s de esta cartera de Estado, se contin\u00faa trabajando en acciones para fortalecer el Sistema de Rehabilitaci\u00f3n Social.<\/p>\n<p><a href=\"https:\/\/www.ministeriodegobierno.gob.ec\/derechoshumanos\/wp-content\/uploads\/2022\/10\/activacion_spi_02.jpeg\"><img loading=\"lazy\" decoding=\"async\" class=\"aligncenter wp-image-13706 size-large\" src=\"https:\/\/www.ministeriodegobierno.gob.ec\/derechoshumanos\/wp-content\/uploads\/2022\/10\/activacion_spi_02-1024x682.jpeg\" alt=\"\" width=\"750\" height=\"500\" srcset=\"https:\/\/www.ministeriodegobierno.gob.ec\/derechoshumanos\/wp-content\/uploads\/sites\/2\/2022\/10\/activacion_spi_02-1024x682.jpeg 1024w, https:\/\/www.ministeriodegobierno.gob.ec\/derechoshumanos\/wp-content\/uploads\/sites\/2\/2022\/10\/activacion_spi_02-300x200.jpeg 300w, https:\/\/www.ministeriodegobierno.gob.ec\/derechoshumanos\/wp-content\/uploads\/sites\/2\/2022\/10\/activacion_spi_02-768x512.jpeg 768w, https:\/\/www.ministeriodegobierno.gob.ec\/derechoshumanos\/wp-content\/uploads\/sites\/2\/2022\/10\/activacion_spi_02.jpeg 1280w\" sizes=\"auto, (max-width: 750px) 100vw, 750px\" \/><\/a><\/p>\n","protected":false},"excerpt":{"rendered":"<p class=\"excerpt\">04 de octubre del 2022, Cotopaxi._ El Servicio de Protecci\u00f3n Integral con el apoyo de psic\u00f3logos, trabajadores sociales, m\u00e9dicos y abogados de las instituciones presentes,\u00a0 brind\u00f3 atenci\u00f3n integral a familiares de las Personas Privadas de la Libertad (PPL) frente a los hechos ocurridos en el Centro de Privaci\u00f3n de Libertad (CPL) Cotopaxi No. 1. A la vez se articulan acciones&hellip; <a href=\"https:\/\/www.ministeriodegobierno.gob.ec\/derechoshumanos\/2022\/10\/04\/secretaria-de-derechos-humanos-activa-su-servicio-de-proteccion-integral-ante-acontecimientos-en-el-cpl-cotopaxi-no-1\/\">Read more &rarr;<\/a><\/p>\n","protected":false},"author":10,"featured_media":13707,"comment_status":"closed","ping_status":"closed","sticky":false,"template":"","format":"standard","meta":{"footnotes":""},"categories":[20,5,6],"tags":[28,36,29,40,41],"class_list":["post-13704","post","type-post","status-publish","format-standard","has-post-thumbnail","hentry","category-boletin-de-prensa","category-noticias","category-noticias-destacadas","tag-ddhh","tag-ddhh-ecuador","tag-ecuador","tag-servicios-de-proteccion-integral","tag-spi-ecuador","xfolkentry"],"_links":{"self":[{"href":"https:\/\/www.ministeriodegobierno.gob.ec\/derechoshumanos\/wp-json\/wp\/v2\/posts\/13704","targetHints":{"allow":["GET"]}}],"collection":[{"href":"https:\/\/www.ministeriodegobierno.gob.ec\/derechoshumanos\/wp-json\/wp\/v2\/posts"}],"about":[{"href":"https:\/\/www.ministeriodegobierno.gob.ec\/derechoshumanos\/wp-json\/wp\/v2\/types\/post"}],"author":[{"embeddable":true,"href":"https:\/\/www.ministeriodegobierno.gob.ec\/derechoshumanos\/wp-json\/wp\/v2\/users\/10"}],"replies":[{"embeddable":true,"href":"https:\/\/www.ministeriodegobierno.gob.ec\/derechoshumanos\/wp-json\/wp\/v2\/comments?post=13704"}],"version-history":[{"count":5,"href":"https:\/\/www.ministeriodegobierno.gob.ec\/derechoshumanos\/wp-json\/wp\/v2\/posts\/13704\/revisions"}],"predecessor-version":[{"id":13711,"href":"https:\/\/www.ministeriodegobierno.gob.ec\/derechoshumanos\/wp-json\/wp\/v2\/posts\/13704\/revisions\/13711"}],"wp:featuredmedia":[{"embeddable":true,"href":"https:\/\/www.ministeriodegobierno.gob.ec\/derechoshumanos\/wp-json\/wp\/v2\/media\/13707"}],"wp:attachment":[{"href":"https:\/\/www.ministeriodegobierno.gob.ec\/derechoshumanos\/wp-json\/wp\/v2\/media?parent=13704"}],"wp:term":[{"taxonomy":"category","embeddable":true,"href":"https:\/\/www.ministeriodegobierno.gob.ec\/derechoshumanos\/wp-json\/wp\/v2\/categories?post=13704"},{"taxonomy":"post_tag","embeddable":true,"href":"https:\/\/www.ministeriodegobierno.gob.ec\/derechoshumanos\/wp-json\/wp\/v2\/tags?post=13704"}],"curies":[{"name":"wp","href":"https:\/\/api.w.org\/{rel}","templated":true}]}}