{"id":13713,"date":"2022-10-05T10:18:12","date_gmt":"2022-10-05T15:18:12","guid":{"rendered":"https:\/\/www.derechoshumanos.gob.ec\/?p=13713"},"modified":"2022-10-05T10:19:31","modified_gmt":"2022-10-05T15:19:31","slug":"escuela-de-formacion-de-lideresas-mujeres-desde-sus-propias-voces-se-desarrolla-en-ibarra","status":"publish","type":"post","link":"https:\/\/www.ministeriodegobierno.gob.ec\/derechoshumanos\/2022\/10\/05\/escuela-de-formacion-de-lideresas-mujeres-desde-sus-propias-voces-se-desarrolla-en-ibarra\/","title":{"rendered":"Escuela de Formaci\u00f3n de Lideresas \u201cMujeres desde sus propias voces\u201d se desarrolla en Ibarra"},"content":{"rendered":"<p><strong>Ibarra, 5 de octubre de 2022.-<\/strong> Con la participaci\u00f3n de m\u00e1s 30 mujeres ind\u00edgenas y mestizas se desarrolla la cuarta Escuela de Formaci\u00f3n de lideresas \u201cMujeres desde sus propias voces\u201d, en la provincia de Imbabura.<\/p>\n<p>La subsecretaria de Nacionalidades, Pueblos y Movimientos Sociales, Samia M\u00e1rmol, inaugur\u00f3 este taller resaltando este importante e hist\u00f3rico proceso de formaci\u00f3n que fortalecer\u00e1 las capacidades de liderazgo en beneficio personal y colectivo de las organizaciones a las cuales representan.<\/p>\n<p>\u201cCon esta escuela de lideresas queremos que su voz se escuche en cada una de sus comunidades, territorios y que sus propuestas e ideas incidan a nivel nacional, regional y local\u201d, mencion\u00f3 la Subsecretaria.<\/p>\n<p>Por su parte el Gobernador de Imbabura, Fernando Chalampuente, se\u00f1al\u00f3 que: \u201ceste Gobierno le est\u00e1 apostando al bienestar, a mejorar la calidad de vida y ahora si le est\u00e1 apostando a un buen vivir, tomando en cuenta estos liderazgos, dando relevancia a ustedes como mujeres. Esto es una verdadera pol\u00edtica de Estado\u201d.<\/p>\n<p>Julia Unger, coordinadora Nacional del programa Si-Frontera y Programa Uni\u00f3n Europea para Frontera Norte, Territorio de desarrollo y paz financiado por la Uni\u00f3n Europea y el gobierno Alem\u00e1n qui\u00e9n mencion\u00f3: \u201ctenemos un mandanto de generar cultura de paz, procesos de participaci\u00f3n para todas las personas, pero ponemos especial \u00e9nfasis en las mujeres porque sabemos que solo con nuestra participaci\u00f3n lograremos la igualdad.<\/p>\n<p>Fernando Garc\u00eda, coordinador de Vinculaci\u00f3n con la Comunidad de la FLACSO resalt\u00f3 la importancia de compartir conocimientos entre la academia y las comunidades de pueblos y nacionalidades para que estos procesos de formaci\u00f3n contin\u00faen.<\/p>\n<p>Desde la Secretar\u00eda de Derechos Humanos con el apoyo de GIZ impulsamos con esta escuela de formaci\u00f3n el empoderamiento social, liderazgo, eliminaci\u00f3n de la discriminaci\u00f3n, prevenci\u00f3n y erradicaci\u00f3n de la violencia pol\u00edtica.<\/p>\n","protected":false},"excerpt":{"rendered":"<p class=\"excerpt\">Con la participaci\u00f3n de m\u00e1s 30 mujeres ind\u00edgenas y mestizas se desarrolla la cuarta Escuela de Formaci\u00f3n de lideresas \u201cMujeres desde sus propias voces\u201d, en la provincia de Imbabura. <a href=\"https:\/\/www.ministeriodegobierno.gob.ec\/derechoshumanos\/2022\/10\/05\/escuela-de-formacion-de-lideresas-mujeres-desde-sus-propias-voces-se-desarrolla-en-ibarra\/\">Read more &rarr;<\/a><\/p>\n","protected":false},"author":6,"featured_media":13714,"comment_status":"closed","ping_status":"closed","sticky":false,"template":"","format":"standard","meta":{"footnotes":""},"categories":[20,19,5],"tags":[36,42,35,44,43],"class_list":["post-13713","post","type-post","status-publish","format-standard","has-post-thumbnail","hentry","category-boletin-de-prensa","category-la-secretaria","category-noticias","tag-ddhh-ecuador","tag-lideresas","tag-mujeres","tag-nacionalidades","tag-pueblos","xfolkentry"],"_links":{"self":[{"href":"https:\/\/www.ministeriodegobierno.gob.ec\/derechoshumanos\/wp-json\/wp\/v2\/posts\/13713","targetHints":{"allow":["GET"]}}],"collection":[{"href":"https:\/\/www.ministeriodegobierno.gob.ec\/derechoshumanos\/wp-json\/wp\/v2\/posts"}],"about":[{"href":"https:\/\/www.ministeriodegobierno.gob.ec\/derechoshumanos\/wp-json\/wp\/v2\/types\/post"}],"author":[{"embeddable":true,"href":"https:\/\/www.ministeriodegobierno.gob.ec\/derechoshumanos\/wp-json\/wp\/v2\/users\/6"}],"replies":[{"embeddable":true,"href":"https:\/\/www.ministeriodegobierno.gob.ec\/derechoshumanos\/wp-json\/wp\/v2\/comments?post=13713"}],"version-history":[{"count":2,"href":"https:\/\/www.ministeriodegobierno.gob.ec\/derechoshumanos\/wp-json\/wp\/v2\/posts\/13713\/revisions"}],"predecessor-version":[{"id":13716,"href":"https:\/\/www.ministeriodegobierno.gob.ec\/derechoshumanos\/wp-json\/wp\/v2\/posts\/13713\/revisions\/13716"}],"wp:featuredmedia":[{"embeddable":true,"href":"https:\/\/www.ministeriodegobierno.gob.ec\/derechoshumanos\/wp-json\/wp\/v2\/media\/13714"}],"wp:attachment":[{"href":"https:\/\/www.ministeriodegobierno.gob.ec\/derechoshumanos\/wp-json\/wp\/v2\/media?parent=13713"}],"wp:term":[{"taxonomy":"category","embeddable":true,"href":"https:\/\/www.ministeriodegobierno.gob.ec\/derechoshumanos\/wp-json\/wp\/v2\/categories?post=13713"},{"taxonomy":"post_tag","embeddable":true,"href":"https:\/\/www.ministeriodegobierno.gob.ec\/derechoshumanos\/wp-json\/wp\/v2\/tags?post=13713"}],"curies":[{"name":"wp","href":"https:\/\/api.w.org\/{rel}","templated":true}]}}