{"id":13717,"date":"2022-10-05T12:37:16","date_gmt":"2022-10-05T17:37:16","guid":{"rendered":"https:\/\/www.derechoshumanos.gob.ec\/?p=13717"},"modified":"2022-10-05T14:20:48","modified_gmt":"2022-10-05T19:20:48","slug":"mesa-de-genero-de-la-cooperacion-internacional-se-suma-al-dialogo-nacional-con-las-mujeres-en-ecuador","status":"publish","type":"post","link":"https:\/\/www.ministeriodegobierno.gob.ec\/derechoshumanos\/2022\/10\/05\/mesa-de-genero-de-la-cooperacion-internacional-se-suma-al-dialogo-nacional-con-las-mujeres-en-ecuador\/","title":{"rendered":"Mesa de G\u00e9nero de la Cooperaci\u00f3n Internacional se suma al di\u00e1logo nacional con las mujeres en Ecuador"},"content":{"rendered":"<p><strong>Quito, 5 de octubre de 2022.- \u00a0<\/strong>Los representantes de las Naciones Unidas en el Ecuador, ONU Mujeres en Ecuador, Uni\u00f3n Europea, Embajada de M\u00e9xico en Ecuador y representantes del cuerpo diplom\u00e1tico se suman a las mesas de di\u00e1logo itinerantes a escala nacional junto las mujeres para fortalecer la pol\u00edtica en prevenci\u00f3n y erradicaci\u00f3n de la violencia de g\u00e9nero.<\/p>\n<p>Estas acciones lideradas por el presidente de la Rep\u00fablica, Guillermo Lasso Mendoza, junto a la secretaria de Derechos Humanos, Paola Flores Jaramillo, permiten fortalecer las acciones del Gobierno Nacional para contar con la cooperaci\u00f3n internacional a la par de fortalecer el di\u00e1logo en las 24 provincias del pa\u00eds.<\/p>\n<p><strong><em>\u201cHemos hablado del gran reto en el Ecuador ante la violencia de g\u00e9nero y femicidio\u2026 De las nuevas iniciativas del Estado ecuatoriano para erradicar la violencia de g\u00e9nero de la mano con la comunidad internacional, la ONU y otros actores de la sociedad civil, estamos seguros de que podemos trabajar juntos para proteger los derechos de las mujeres\u201d<\/em><\/strong>, manifest\u00f3 Lena Savelli, coordinadora residente de Naciones Unidas en el Ecuador.<\/p>\n<p>Savelli agreg\u00f3 adem\u00e1s que, tras la reuni\u00f3n del Primer Mandatario con el Sistema de Naciones, se reitera el compromiso de apoyar las coordinaciones futuras en materia de g\u00e9nero y la necesidad de un trabajo conjunto entre: Gobierno, gobiernos locales, cooperaci\u00f3n internacional y sociedad civil para avanzar en las pol\u00edticas de protecci\u00f3n de derechos.<\/p>\n<p>Por su parte Paola Flores, secretaria de Derechos Humanos, manifest\u00f3 que desde <strong>esta Cartera de Estado se fortalece una hoja de ruta de trabajo en todos los \u00e1mbitos del Gobierno. Puntualiz\u00f3 que el aporte de los expertos internacionales permite que el Ecuador cuente con el apoyo transversal para fortalecer los di\u00e1logos en todo el pa\u00eds.<\/strong><\/p>\n<div id=\"attachment_13720\" style=\"width: 760px\" class=\"wp-caption aligncenter\"><a href=\"https:\/\/www.ministeriodegobierno.gob.ec\/derechoshumanos\/wp-content\/uploads\/2022\/10\/mesa_genero.jpeg\"><img loading=\"lazy\" decoding=\"async\" aria-describedby=\"caption-attachment-13720\" class=\"wp-image-13720 size-large\" src=\"https:\/\/www.ministeriodegobierno.gob.ec\/derechoshumanos\/wp-content\/uploads\/2022\/10\/mesa_genero-1024x639.jpeg\" alt=\"\" width=\"750\" height=\"468\" srcset=\"https:\/\/www.ministeriodegobierno.gob.ec\/derechoshumanos\/wp-content\/uploads\/sites\/2\/2022\/10\/mesa_genero-1024x639.jpeg 1024w, https:\/\/www.ministeriodegobierno.gob.ec\/derechoshumanos\/wp-content\/uploads\/sites\/2\/2022\/10\/mesa_genero-300x187.jpeg 300w, https:\/\/www.ministeriodegobierno.gob.ec\/derechoshumanos\/wp-content\/uploads\/sites\/2\/2022\/10\/mesa_genero-768x479.jpeg 768w, https:\/\/www.ministeriodegobierno.gob.ec\/derechoshumanos\/wp-content\/uploads\/sites\/2\/2022\/10\/mesa_genero.jpeg 1280w\" sizes=\"auto, (max-width: 750px) 100vw, 750px\" \/><\/a><p id=\"caption-attachment-13720\" class=\"wp-caption-text\">Secretaria de Derechos Humanos, Paola Flores Jaramillo<\/p><\/div>\n<p>La Secretar\u00eda de Derechos Humanos coordinar\u00e1 en territorio los di\u00e1logos junto a las representantes de la sociedad civil para escuchar todas las voces; tambi\u00e9n trabaja en asumir el sistema del Registro \u00danico de Violencia y en los pr\u00f3ximos d\u00edas inaugurar el Primer Centro Violeta en el pa\u00eds.<\/p>\n<hr \/>\n<p style=\"text-align: center;\">\n<blockquote class=\"twitter-tweet\">\n<p dir=\"ltr\" lang=\"es\">?\ufe0fMesa de G\u00e9nero de la Cooperaci\u00f3n Internacional se suma a las 24 mesas de di\u00e1logo con las mujeres para la prevenci\u00f3n y erradicaci\u00f3n de la violencia.<a href=\"https:\/\/twitter.com\/hashtag\/Di%C3%A1logoMujeresEc?src=hash&amp;ref_src=twsrc%5Etfw\">#Di\u00e1logoMujeresEc<\/a> <a href=\"https:\/\/t.co\/GwMyoMeJdJ\">pic.twitter.com\/GwMyoMeJdJ<\/a><\/p>\n<p>\u2014 Secretar\u00eda de Derechos Humanos del Ecuador (@DDHH_Ec) <a href=\"https:\/\/twitter.com\/DDHH_Ec\/status\/1577718972333658123?ref_src=twsrc%5Etfw\">October 5, 2022<\/a><\/p><\/blockquote>\n<p style=\"text-align: center;\"><script async src=\"https:\/\/platform.twitter.com\/widgets.js\" charset=\"utf-8\"><\/script><\/p>\n<p style=\"text-align: center;\">\n","protected":false},"excerpt":{"rendered":"<p class=\"excerpt\">Quito, 5 de octubre de 2022.- \u00a0Los representantes de las Naciones Unidas en el Ecuador, ONU Mujeres en Ecuador, Uni\u00f3n Europea, Embajada de M\u00e9xico en Ecuador y representantes del cuerpo diplom\u00e1tico se suman a las mesas de di\u00e1logo itinerantes a escala nacional junto las mujeres para fortalecer la pol\u00edtica en prevenci\u00f3n y erradicaci\u00f3n de la violencia de g\u00e9nero. Estas acciones&hellip; <a href=\"https:\/\/www.ministeriodegobierno.gob.ec\/derechoshumanos\/2022\/10\/05\/mesa-de-genero-de-la-cooperacion-internacional-se-suma-al-dialogo-nacional-con-las-mujeres-en-ecuador\/\">Read more &rarr;<\/a><\/p>\n","protected":false},"author":10,"featured_media":13721,"comment_status":"closed","ping_status":"closed","sticky":false,"template":"","format":"standard","meta":{"footnotes":""},"categories":[20,5,6],"tags":[36,46,35,45,40],"class_list":["post-13717","post","type-post","status-publish","format-standard","has-post-thumbnail","hentry","category-boletin-de-prensa","category-noticias","category-noticias-destacadas","tag-ddhh-ecuador","tag-erradicaccion-de-la-violencia-contra-las-mujeres","tag-mujeres","tag-onu","tag-servicios-de-proteccion-integral","xfolkentry"],"_links":{"self":[{"href":"https:\/\/www.ministeriodegobierno.gob.ec\/derechoshumanos\/wp-json\/wp\/v2\/posts\/13717","targetHints":{"allow":["GET"]}}],"collection":[{"href":"https:\/\/www.ministeriodegobierno.gob.ec\/derechoshumanos\/wp-json\/wp\/v2\/posts"}],"about":[{"href":"https:\/\/www.ministeriodegobierno.gob.ec\/derechoshumanos\/wp-json\/wp\/v2\/types\/post"}],"author":[{"embeddable":true,"href":"https:\/\/www.ministeriodegobierno.gob.ec\/derechoshumanos\/wp-json\/wp\/v2\/users\/10"}],"replies":[{"embeddable":true,"href":"https:\/\/www.ministeriodegobierno.gob.ec\/derechoshumanos\/wp-json\/wp\/v2\/comments?post=13717"}],"version-history":[{"count":4,"href":"https:\/\/www.ministeriodegobierno.gob.ec\/derechoshumanos\/wp-json\/wp\/v2\/posts\/13717\/revisions"}],"predecessor-version":[{"id":13724,"href":"https:\/\/www.ministeriodegobierno.gob.ec\/derechoshumanos\/wp-json\/wp\/v2\/posts\/13717\/revisions\/13724"}],"wp:featuredmedia":[{"embeddable":true,"href":"https:\/\/www.ministeriodegobierno.gob.ec\/derechoshumanos\/wp-json\/wp\/v2\/media\/13721"}],"wp:attachment":[{"href":"https:\/\/www.ministeriodegobierno.gob.ec\/derechoshumanos\/wp-json\/wp\/v2\/media?parent=13717"}],"wp:term":[{"taxonomy":"category","embeddable":true,"href":"https:\/\/www.ministeriodegobierno.gob.ec\/derechoshumanos\/wp-json\/wp\/v2\/categories?post=13717"},{"taxonomy":"post_tag","embeddable":true,"href":"https:\/\/www.ministeriodegobierno.gob.ec\/derechoshumanos\/wp-json\/wp\/v2\/tags?post=13717"}],"curies":[{"name":"wp","href":"https:\/\/api.w.org\/{rel}","templated":true}]}}