{"id":13731,"date":"2022-10-06T12:35:33","date_gmt":"2022-10-06T17:35:33","guid":{"rendered":"https:\/\/www.derechoshumanos.gob.ec\/?p=13731"},"modified":"2022-10-06T15:23:17","modified_gmt":"2022-10-06T20:23:17","slug":"secretaria-de-derechos-humanos-activo-su-servicio-de-proteccion-integral-ante-acontecimientos-en-el-cpl-guayas-no-1","status":"publish","type":"post","link":"https:\/\/www.ministeriodegobierno.gob.ec\/derechoshumanos\/2022\/10\/06\/secretaria-de-derechos-humanos-activo-su-servicio-de-proteccion-integral-ante-acontecimientos-en-el-cpl-guayas-no-1\/","title":{"rendered":"Secretaria de Derechos Humanos lider\u00f3 acciones en el Puesto de Mando Unificado en el CPL Guayas N1 &#8211; Penitenciar\u00eda"},"content":{"rendered":"<p><strong>06 de octubre del 2022, Guayas<\/strong><strong>. <\/strong>Paola Flores Jaramillo, secretaria de Derechos Humanos y presidenta del Directorio del Organismo T\u00e9cnico del Sistema Nacional de Rehabilitaci\u00f3n Social (DOT), se traslad\u00f3 al\u00a0Centro de Privaci\u00f3n de Libertad (CPL) Guayas No. 1. para coordinar, desde el Puesto de Mando Unificado, las diferentes acciones y fortalecer la atenci\u00f3n a los familiares de las personas privadas de la libertad,\u00a0 manteni\u00e9ndose vigilante a la aplicaci\u00f3n de protocolos para que se brinde un trato digno con enfoque de derechos humanos.<\/p>\n<p>El Servicio de Protecci\u00f3n Integral, con el apoyo de psic\u00f3logos, trabajadores sociales, m\u00e9dicos y abogados de las instituciones presentes,\u00a0 brinda atenci\u00f3n integral a familiares de las Personas Privadas de la Libertad (PPL) frente a los hechos ocurridos en el CPL Guayas N\u00ba. 1.<\/p>\n<p>A la vez, se articulan acciones emergentes, en coordinaci\u00f3n con representantes del Ministerio de Inclusi\u00f3n Econ\u00f3mica y Social (MIES), Ministerio de Salud P\u00fablica (MSP), Polic\u00eda Nacional, Defensor\u00eda del Pueblo, Gobernaci\u00f3n del Guayas, Registro Civil y SNAI.<\/p>\n<p>Desde el Gobierno Nacional, a trav\u00e9s de esta cartera de Estado, se contin\u00faa trabajando en acciones para fortalecer el Sistema de Rehabilitaci\u00f3n Social.<\/p>\n<div id=\"attachment_13733\" style=\"width: 760px\" class=\"wp-caption aligncenter\"><a href=\"https:\/\/www.ministeriodegobierno.gob.ec\/derechoshumanos\/wp-content\/uploads\/2022\/10\/WhatsApp-Image-2022-10-06-at-12.29.54-PM-1.jpeg\"><img loading=\"lazy\" decoding=\"async\" aria-describedby=\"caption-attachment-13733\" class=\"wp-image-13733 size-large\" src=\"https:\/\/www.ministeriodegobierno.gob.ec\/derechoshumanos\/wp-content\/uploads\/2022\/10\/WhatsApp-Image-2022-10-06-at-12.29.54-PM-1-1024x576.jpeg\" alt=\"\" width=\"750\" height=\"422\" srcset=\"https:\/\/www.ministeriodegobierno.gob.ec\/derechoshumanos\/wp-content\/uploads\/sites\/2\/2022\/10\/WhatsApp-Image-2022-10-06-at-12.29.54-PM-1-1024x576.jpeg 1024w, https:\/\/www.ministeriodegobierno.gob.ec\/derechoshumanos\/wp-content\/uploads\/sites\/2\/2022\/10\/WhatsApp-Image-2022-10-06-at-12.29.54-PM-1-300x169.jpeg 300w, https:\/\/www.ministeriodegobierno.gob.ec\/derechoshumanos\/wp-content\/uploads\/sites\/2\/2022\/10\/WhatsApp-Image-2022-10-06-at-12.29.54-PM-1-768x432.jpeg 768w, https:\/\/www.ministeriodegobierno.gob.ec\/derechoshumanos\/wp-content\/uploads\/sites\/2\/2022\/10\/WhatsApp-Image-2022-10-06-at-12.29.54-PM-1.jpeg 1500w\" sizes=\"auto, (max-width: 750px) 100vw, 750px\" \/><\/a><p id=\"caption-attachment-13733\" class=\"wp-caption-text\">Paola Flores Jaramillo, secretaria de Derechos Humanos<\/p><\/div>\n","protected":false},"excerpt":{"rendered":"<p class=\"excerpt\">06 de octubre del 2022, Guayas. Paola Flores Jaramillo, secretaria de Derechos Humanos y presidenta del Directorio del Organismo T\u00e9cnico del Sistema Nacional de Rehabilitaci\u00f3n Social (DOT), se traslad\u00f3 al\u00a0Centro de Privaci\u00f3n de Libertad (CPL) Guayas No. 1. para coordinar, desde el Puesto de Mando Unificado, las diferentes acciones y fortalecer la atenci\u00f3n a los familiares de las personas privadas&hellip; <a href=\"https:\/\/www.ministeriodegobierno.gob.ec\/derechoshumanos\/2022\/10\/06\/secretaria-de-derechos-humanos-activo-su-servicio-de-proteccion-integral-ante-acontecimientos-en-el-cpl-guayas-no-1\/\">Read more &rarr;<\/a><\/p>\n","protected":false},"author":8,"featured_media":13738,"comment_status":"closed","ping_status":"closed","sticky":false,"template":"","format":"standard","meta":{"footnotes":""},"categories":[20,5,6],"tags":[36,30,40,41],"class_list":["post-13731","post","type-post","status-publish","format-standard","has-post-thumbnail","hentry","category-boletin-de-prensa","category-noticias","category-noticias-destacadas","tag-ddhh-ecuador","tag-sdh","tag-servicios-de-proteccion-integral","tag-spi-ecuador","xfolkentry"],"_links":{"self":[{"href":"https:\/\/www.ministeriodegobierno.gob.ec\/derechoshumanos\/wp-json\/wp\/v2\/posts\/13731","targetHints":{"allow":["GET"]}}],"collection":[{"href":"https:\/\/www.ministeriodegobierno.gob.ec\/derechoshumanos\/wp-json\/wp\/v2\/posts"}],"about":[{"href":"https:\/\/www.ministeriodegobierno.gob.ec\/derechoshumanos\/wp-json\/wp\/v2\/types\/post"}],"author":[{"embeddable":true,"href":"https:\/\/www.ministeriodegobierno.gob.ec\/derechoshumanos\/wp-json\/wp\/v2\/users\/8"}],"replies":[{"embeddable":true,"href":"https:\/\/www.ministeriodegobierno.gob.ec\/derechoshumanos\/wp-json\/wp\/v2\/comments?post=13731"}],"version-history":[{"count":6,"href":"https:\/\/www.ministeriodegobierno.gob.ec\/derechoshumanos\/wp-json\/wp\/v2\/posts\/13731\/revisions"}],"predecessor-version":[{"id":13739,"href":"https:\/\/www.ministeriodegobierno.gob.ec\/derechoshumanos\/wp-json\/wp\/v2\/posts\/13731\/revisions\/13739"}],"wp:featuredmedia":[{"embeddable":true,"href":"https:\/\/www.ministeriodegobierno.gob.ec\/derechoshumanos\/wp-json\/wp\/v2\/media\/13738"}],"wp:attachment":[{"href":"https:\/\/www.ministeriodegobierno.gob.ec\/derechoshumanos\/wp-json\/wp\/v2\/media?parent=13731"}],"wp:term":[{"taxonomy":"category","embeddable":true,"href":"https:\/\/www.ministeriodegobierno.gob.ec\/derechoshumanos\/wp-json\/wp\/v2\/categories?post=13731"},{"taxonomy":"post_tag","embeddable":true,"href":"https:\/\/www.ministeriodegobierno.gob.ec\/derechoshumanos\/wp-json\/wp\/v2\/tags?post=13731"}],"curies":[{"name":"wp","href":"https:\/\/api.w.org\/{rel}","templated":true}]}}