{"id":13741,"date":"2022-10-06T17:50:07","date_gmt":"2022-10-06T22:50:07","guid":{"rendered":"https:\/\/www.derechoshumanos.gob.ec\/?p=13741"},"modified":"2022-10-06T17:51:36","modified_gmt":"2022-10-06T22:51:36","slug":"secretaria-de-derechos-humanos-brinda-acompanamiento-integral-ante-presunto-femicidio-en-canar","status":"publish","type":"post","link":"https:\/\/www.ministeriodegobierno.gob.ec\/derechoshumanos\/2022\/10\/06\/secretaria-de-derechos-humanos-brinda-acompanamiento-integral-ante-presunto-femicidio-en-canar\/","title":{"rendered":"Secretar\u00eda de Derechos Humanos brinda acompa\u00f1amiento integral\u00a0 ante presunto femicidio en Ca\u00f1ar"},"content":{"rendered":"<p><strong>Azogues, 6 de octubre de 2022.-<\/strong> El Servicio de Protecci\u00f3n Integral de la Secretar\u00eda de Derechos Humanos en la ciudad de Azogues activ\u00f3 a su equipo de profesionales para brindar atenci\u00f3n integral a los familiares de la mujer v\u00edctima de presunto femicidio, hecho que fue reportado el 4 de octubre.<\/p>\n<p>En este sentido, las acciones realizadas fueron:<\/p>\n<ul>\n<li>El \u00e1rea psicol\u00f3gica dio contenci\u00f3n emocional a la madre y familiares de la v\u00edctima, adem\u00e1s de tener el primer acercamiento al hijo para verificar el estado en el que se encuentra. Esta actividad se dio en coordinaci\u00f3n con los delegados del Ministerio de Inclusi\u00f3n Econ\u00f3mica y Social (MIES).<\/li>\n<li>El \u00e1rea de trabajo social realiz\u00f3 el levantamiento de la informaci\u00f3n respectiva del ni\u00f1o de 4 a\u00f1os de edad para coordinar con el MIES el bono por casos de Femicidio.<\/li>\n<li>El \u00e1rea legal\u00a0 brind\u00f3 a los familiares asesor\u00eda y acompa\u00f1amiento en la audiencia de formulaci\u00f3n de cargos, adem\u00e1s del tramite correspondiente para la patria potestad del ni\u00f1o.<\/li>\n<\/ul>\n<p>El equipo multidiciplinario del SPI 03 Azogues estuvo presente desde el d\u00eda 5 de octubre y durante todas las diligencias realizadas durante el d\u00eda de hoy, 6 de octubre. Adem\u00e1s, se coordin\u00f3, con las diferentes entidades, las acciones y acompa\u00f1amiento que se realizar\u00e1 a futuro.<\/p>\n","protected":false},"excerpt":{"rendered":"<p class=\"excerpt\">El Servicio de Protecci\u00f3n Integral de la Secretar\u00eda de Derechos Humanos en la ciudad de Azogues activ\u00f3 a su equipo de profesionales para brindar atenci\u00f3n integral a los familiares de la mujer v\u00edctima de presunto femicidio, hecho que fue reportado el 4 de octubre. <a href=\"https:\/\/www.ministeriodegobierno.gob.ec\/derechoshumanos\/2022\/10\/06\/secretaria-de-derechos-humanos-brinda-acompanamiento-integral-ante-presunto-femicidio-en-canar\/\">Read more &rarr;<\/a><\/p>\n","protected":false},"author":6,"featured_media":13742,"comment_status":"closed","ping_status":"closed","sticky":false,"template":"","format":"standard","meta":{"footnotes":""},"categories":[20,19,5],"tags":[36,47,41],"class_list":["post-13741","post","type-post","status-publish","format-standard","has-post-thumbnail","hentry","category-boletin-de-prensa","category-la-secretaria","category-noticias","tag-ddhh-ecuador","tag-servicio-de-proteccion-integral","tag-spi-ecuador","xfolkentry"],"_links":{"self":[{"href":"https:\/\/www.ministeriodegobierno.gob.ec\/derechoshumanos\/wp-json\/wp\/v2\/posts\/13741","targetHints":{"allow":["GET"]}}],"collection":[{"href":"https:\/\/www.ministeriodegobierno.gob.ec\/derechoshumanos\/wp-json\/wp\/v2\/posts"}],"about":[{"href":"https:\/\/www.ministeriodegobierno.gob.ec\/derechoshumanos\/wp-json\/wp\/v2\/types\/post"}],"author":[{"embeddable":true,"href":"https:\/\/www.ministeriodegobierno.gob.ec\/derechoshumanos\/wp-json\/wp\/v2\/users\/6"}],"replies":[{"embeddable":true,"href":"https:\/\/www.ministeriodegobierno.gob.ec\/derechoshumanos\/wp-json\/wp\/v2\/comments?post=13741"}],"version-history":[{"count":2,"href":"https:\/\/www.ministeriodegobierno.gob.ec\/derechoshumanos\/wp-json\/wp\/v2\/posts\/13741\/revisions"}],"predecessor-version":[{"id":13744,"href":"https:\/\/www.ministeriodegobierno.gob.ec\/derechoshumanos\/wp-json\/wp\/v2\/posts\/13741\/revisions\/13744"}],"wp:featuredmedia":[{"embeddable":true,"href":"https:\/\/www.ministeriodegobierno.gob.ec\/derechoshumanos\/wp-json\/wp\/v2\/media\/13742"}],"wp:attachment":[{"href":"https:\/\/www.ministeriodegobierno.gob.ec\/derechoshumanos\/wp-json\/wp\/v2\/media?parent=13741"}],"wp:term":[{"taxonomy":"category","embeddable":true,"href":"https:\/\/www.ministeriodegobierno.gob.ec\/derechoshumanos\/wp-json\/wp\/v2\/categories?post=13741"},{"taxonomy":"post_tag","embeddable":true,"href":"https:\/\/www.ministeriodegobierno.gob.ec\/derechoshumanos\/wp-json\/wp\/v2\/tags?post=13741"}],"curies":[{"name":"wp","href":"https:\/\/api.w.org\/{rel}","templated":true}]}}