{"id":13801,"date":"2022-10-11T17:02:50","date_gmt":"2022-10-11T22:02:50","guid":{"rendered":"https:\/\/www.derechoshumanos.gob.ec\/?p=13801"},"modified":"2022-10-11T17:02:50","modified_gmt":"2022-10-11T22:02:50","slug":"servicio-de-proteccion-integral-brindo-atencion-especializada-a-familiares-de-sobreviviente-de-violencia-sexual-en-loja","status":"publish","type":"post","link":"https:\/\/www.ministeriodegobierno.gob.ec\/derechoshumanos\/2022\/10\/11\/servicio-de-proteccion-integral-brindo-atencion-especializada-a-familiares-de-sobreviviente-de-violencia-sexual-en-loja\/","title":{"rendered":"Servicio de Protecci\u00f3n Integral brind\u00f3 atenci\u00f3n especializada a familiares de sobreviviente de violencia sexual en Loja"},"content":{"rendered":"<p><strong>Loja, 11 de octubre de 2022.-<\/strong> La Secretar\u00eda de Derechos Humanos, a trav\u00e9s de su equipo multidisciplinario especializado en: derecho, trabajo social y psicolog\u00eda, en coordinaci\u00f3n con el Ministerio de Salud P\u00fablica, Fiscal\u00eda General del Estado y Polic\u00eda Nacional, brind\u00f3 atenci\u00f3n integral a familiares de adolescente de 14 a\u00f1os sobreviviente de violencia sexual en el \u00e1mbito comunitario.<\/p>\n<p>Una vez recibida la alerta, el equipo realiz\u00f3 la intervenci\u00f3n, contenci\u00f3n emocional y primeros auxilios psicol\u00f3gicos. A la vez, se hizo el levantamiento de informaci\u00f3n acerca de las necesidades sociales, educativas y del entorno familiar. La adolescente actualmente se encuentra hospitalizada en el Hospital General Isidro Ayora y se encuentra en observaci\u00f3n.<\/p>\n<p>Sophia Cueva Mej\u00eda, coordinadora de la Oficina T\u00e9cnica 7, indic\u00f3: \u201cEl trabajo interinstitucional inmediato nos permite brindar una atenci\u00f3n eficaz a los grupos de atenci\u00f3n prioritaria especialmente a las ni\u00f1as, ni\u00f1os y adolescentes que se encuentran expuestos a todas las formas de violencia y sobre todo a la violencia\u00a0 sexual en el cant\u00f3n Loja\u201d<\/p>\n<p>La Fiscal\u00eda Provincial de Loja se har\u00e1 cargo de las respectivas investigaciones conforme corresponde.<\/p>\n<p>&nbsp;<\/p>\n<p><strong>\u00a0<\/strong><\/p>\n<p>&nbsp;<\/p>\n<p>&nbsp;<\/p>\n<p>&nbsp;<\/p>\n<p>&nbsp;<\/p>\n<p>&nbsp;<\/p>\n<p>&nbsp;<\/p>\n<p>&nbsp;<\/p>\n<p>&nbsp;<\/p>\n<p>&nbsp;<\/p>\n","protected":false},"excerpt":{"rendered":"<p class=\"excerpt\">Loja, 11 de octubre de 2022.- La Secretar\u00eda de Derechos Humanos, a trav\u00e9s de su equipo multidisciplinario especializado en: derecho, trabajo social y psicolog\u00eda, en coordinaci\u00f3n con el Ministerio de Salud P\u00fablica, Fiscal\u00eda General del Estado y Polic\u00eda Nacional, brind\u00f3 atenci\u00f3n integral a familiares de adolescente de 14 a\u00f1os sobreviviente de violencia sexual en el \u00e1mbito comunitario. Una vez recibida&hellip; <a href=\"https:\/\/www.ministeriodegobierno.gob.ec\/derechoshumanos\/2022\/10\/11\/servicio-de-proteccion-integral-brindo-atencion-especializada-a-familiares-de-sobreviviente-de-violencia-sexual-en-loja\/\">Read more &rarr;<\/a><\/p>\n","protected":false},"author":6,"featured_media":13802,"comment_status":"closed","ping_status":"closed","sticky":false,"template":"","format":"standard","meta":{"footnotes":""},"categories":[20,5,6],"tags":[36,41],"class_list":["post-13801","post","type-post","status-publish","format-standard","has-post-thumbnail","hentry","category-boletin-de-prensa","category-noticias","category-noticias-destacadas","tag-ddhh-ecuador","tag-spi-ecuador","xfolkentry"],"_links":{"self":[{"href":"https:\/\/www.ministeriodegobierno.gob.ec\/derechoshumanos\/wp-json\/wp\/v2\/posts\/13801","targetHints":{"allow":["GET"]}}],"collection":[{"href":"https:\/\/www.ministeriodegobierno.gob.ec\/derechoshumanos\/wp-json\/wp\/v2\/posts"}],"about":[{"href":"https:\/\/www.ministeriodegobierno.gob.ec\/derechoshumanos\/wp-json\/wp\/v2\/types\/post"}],"author":[{"embeddable":true,"href":"https:\/\/www.ministeriodegobierno.gob.ec\/derechoshumanos\/wp-json\/wp\/v2\/users\/6"}],"replies":[{"embeddable":true,"href":"https:\/\/www.ministeriodegobierno.gob.ec\/derechoshumanos\/wp-json\/wp\/v2\/comments?post=13801"}],"version-history":[{"count":1,"href":"https:\/\/www.ministeriodegobierno.gob.ec\/derechoshumanos\/wp-json\/wp\/v2\/posts\/13801\/revisions"}],"predecessor-version":[{"id":13803,"href":"https:\/\/www.ministeriodegobierno.gob.ec\/derechoshumanos\/wp-json\/wp\/v2\/posts\/13801\/revisions\/13803"}],"wp:featuredmedia":[{"embeddable":true,"href":"https:\/\/www.ministeriodegobierno.gob.ec\/derechoshumanos\/wp-json\/wp\/v2\/media\/13802"}],"wp:attachment":[{"href":"https:\/\/www.ministeriodegobierno.gob.ec\/derechoshumanos\/wp-json\/wp\/v2\/media?parent=13801"}],"wp:term":[{"taxonomy":"category","embeddable":true,"href":"https:\/\/www.ministeriodegobierno.gob.ec\/derechoshumanos\/wp-json\/wp\/v2\/categories?post=13801"},{"taxonomy":"post_tag","embeddable":true,"href":"https:\/\/www.ministeriodegobierno.gob.ec\/derechoshumanos\/wp-json\/wp\/v2\/tags?post=13801"}],"curies":[{"name":"wp","href":"https:\/\/api.w.org\/{rel}","templated":true}]}}