{"id":13806,"date":"2022-10-11T17:07:44","date_gmt":"2022-10-11T22:07:44","guid":{"rendered":"https:\/\/www.derechoshumanos.gob.ec\/?p=13806"},"modified":"2022-10-11T17:07:44","modified_gmt":"2022-10-11T22:07:44","slug":"gobierno-nacional-fortalece-acuerdos-con-mujeres-afroecuatorianas","status":"publish","type":"post","link":"https:\/\/www.ministeriodegobierno.gob.ec\/derechoshumanos\/2022\/10\/11\/gobierno-nacional-fortalece-acuerdos-con-mujeres-afroecuatorianas\/","title":{"rendered":"Gobierno Nacional fortalece acuerdos con mujeres afroecuatorianas"},"content":{"rendered":"<p><strong>Quito, <\/strong><strong>11 de octubre 2022.- <\/strong>El presidente de la Rep\u00fablica, Guillermo Lasso Mendoza, junto a la secretaria de Derechos Humanos, Paola Flores Jaramillo, lideraron la mesa de di\u00e1logo de mujeres para prevenir y erradicar la violencia de g\u00e9nero.<\/p>\n<p>Esta mesa cont\u00f3 con la presencia de mujeres afroecuatorianas, quienes se dieron cita desde varios sectores del pa\u00eds para marcar una hoja de ruta con acciones concretas en beneficio de las mujeres pertenecientes a este grupo.<\/p>\n<p>Entre las acciones anunciadas se buscar\u00e1 fortalecer:<\/p>\n<ul>\n<li>Presencia de las mujeres afroecuatorianas en espacios de toma de decisi\u00f3n.<\/li>\n<li>Respaldo a fortalecer la institucionalidad de la entidad rectora de los derechos humanos y las mujeres.<\/li>\n<li>Reforzar la presencia de las distintas carteras de Estado para conocer las realidades del pueblo afrodescendiente.<\/li>\n<li>Subsecretar\u00eda de Pueblos y Nacionalidades con una visi\u00f3n m\u00e1s amplia que responda a necesidades del pueblo afroecuatoriano.<\/li>\n<li>Espacios de educaci\u00f3n superior para las y los j\u00f3venes afroecuatorianos.<\/li>\n<li>Presencia de mujeres afroecuatorianas en espacios ligados al arte y cultura.<\/li>\n<\/ul>\n<p>La reuni\u00f3n cont\u00f3 con la presencia de la Ministra de Educaci\u00f3n y la Secretar\u00eda de Educaci\u00f3n Superior Ciencia y Tecnolog\u00eda para trabajar de la mano con diferentes organizaciones que permitan a las y los j\u00f3venes afroecuatorianos contar con m\u00e1s espacios para formaci\u00f3n.<\/p>\n<p>El Gobierno Nacional continuar\u00e1 con estos espacios para dialogar con diferentes grupos de mujeres y conocer de cerca las necesidades que permitan fortalecer el Sistema Nacional de Prevenci\u00f3n y Erradicaci\u00f3n de la Violencia contra las Mujeres.<\/p>\n","protected":false},"excerpt":{"rendered":"<p class=\"excerpt\">Quito, 11 de octubre 2022.- El presidente de la Rep\u00fablica, Guillermo Lasso Mendoza, junto a la secretaria de Derechos Humanos, Paola Flores Jaramillo, lideraron la mesa de di\u00e1logo de mujeres para prevenir y erradicar la violencia de g\u00e9nero. Esta mesa cont\u00f3 con la presencia de mujeres afroecuatorianas, quienes se dieron cita desde varios sectores del pa\u00eds para marcar una hoja&hellip; <a href=\"https:\/\/www.ministeriodegobierno.gob.ec\/derechoshumanos\/2022\/10\/11\/gobierno-nacional-fortalece-acuerdos-con-mujeres-afroecuatorianas\/\">Read more &rarr;<\/a><\/p>\n","protected":false},"author":6,"featured_media":13807,"comment_status":"closed","ping_status":"closed","sticky":false,"template":"","format":"standard","meta":{"footnotes":""},"categories":[20,5,6],"tags":[36,48,35],"class_list":["post-13806","post","type-post","status-publish","format-standard","has-post-thumbnail","hentry","category-boletin-de-prensa","category-noticias","category-noticias-destacadas","tag-ddhh-ecuador","tag-dialogo","tag-mujeres","xfolkentry"],"_links":{"self":[{"href":"https:\/\/www.ministeriodegobierno.gob.ec\/derechoshumanos\/wp-json\/wp\/v2\/posts\/13806","targetHints":{"allow":["GET"]}}],"collection":[{"href":"https:\/\/www.ministeriodegobierno.gob.ec\/derechoshumanos\/wp-json\/wp\/v2\/posts"}],"about":[{"href":"https:\/\/www.ministeriodegobierno.gob.ec\/derechoshumanos\/wp-json\/wp\/v2\/types\/post"}],"author":[{"embeddable":true,"href":"https:\/\/www.ministeriodegobierno.gob.ec\/derechoshumanos\/wp-json\/wp\/v2\/users\/6"}],"replies":[{"embeddable":true,"href":"https:\/\/www.ministeriodegobierno.gob.ec\/derechoshumanos\/wp-json\/wp\/v2\/comments?post=13806"}],"version-history":[{"count":1,"href":"https:\/\/www.ministeriodegobierno.gob.ec\/derechoshumanos\/wp-json\/wp\/v2\/posts\/13806\/revisions"}],"predecessor-version":[{"id":13808,"href":"https:\/\/www.ministeriodegobierno.gob.ec\/derechoshumanos\/wp-json\/wp\/v2\/posts\/13806\/revisions\/13808"}],"wp:featuredmedia":[{"embeddable":true,"href":"https:\/\/www.ministeriodegobierno.gob.ec\/derechoshumanos\/wp-json\/wp\/v2\/media\/13807"}],"wp:attachment":[{"href":"https:\/\/www.ministeriodegobierno.gob.ec\/derechoshumanos\/wp-json\/wp\/v2\/media?parent=13806"}],"wp:term":[{"taxonomy":"category","embeddable":true,"href":"https:\/\/www.ministeriodegobierno.gob.ec\/derechoshumanos\/wp-json\/wp\/v2\/categories?post=13806"},{"taxonomy":"post_tag","embeddable":true,"href":"https:\/\/www.ministeriodegobierno.gob.ec\/derechoshumanos\/wp-json\/wp\/v2\/tags?post=13806"}],"curies":[{"name":"wp","href":"https:\/\/api.w.org\/{rel}","templated":true}]}}