{"id":13823,"date":"2022-10-13T15:53:02","date_gmt":"2022-10-13T20:53:02","guid":{"rendered":"https:\/\/www.derechoshumanos.gob.ec\/?p=13823"},"modified":"2022-10-13T15:53:02","modified_gmt":"2022-10-13T20:53:02","slug":"secretaria-de-derechos-humanos-mostro-sus-servicios-en-casa-abierta-del-adulto-mayor-en-machala","status":"publish","type":"post","link":"https:\/\/www.ministeriodegobierno.gob.ec\/derechoshumanos\/2022\/10\/13\/secretaria-de-derechos-humanos-mostro-sus-servicios-en-casa-abierta-del-adulto-mayor-en-machala\/","title":{"rendered":"Secretar\u00eda de Derechos Humanos mostr\u00f3 sus servicios en casa abierta del adulto mayor en Machala"},"content":{"rendered":"<p><strong>Machala, 13 de noviembre de 2022.-<\/strong> En conmemoraci\u00f3n del D\u00eda del Adulto Mayor, que se celebra cada 1 de octubre, la Secretar\u00eda de Derechos Humanos, a trav\u00e9s de su\u00a0 equipo t\u00e9cnico del Servicio de Protecci\u00f3n Integral,\u00a0 particip\u00f3 en la Casa Abierta del Adulto Mayor organizada por el Consejo Cantonal de Protecci\u00f3n de Derechos con el prop\u00f3sito de difundir a la comunidad los servicios que brindan varias instituciones de acuerdo a sus competencias.<\/p>\n<p>El evento se llev\u00f3 a cabo el martes 11 de octubre, \u00a0en la Plaza Col\u00f3n en la ciudad de Machala y cont\u00f3 con la presentaci\u00f3n de grupos art\u00edsticos, intervenciones teatrales, presentaci\u00f3n de proyectos y dem\u00e1s actividades realizadas por personas adultas mayores.<\/p>\n<p>Los asistentes en especial la poblaci\u00f3n adulta mayor accedieron a actividades recreativas, exposici\u00f3n de servicios institucionales y presentaci\u00f3n de emprendimientos.<\/p>\n<p>Sophia Cueva Mej\u00eda, coordinadora de la Oficina T\u00e9cnica 7 indic\u00f3 \u201cEsta cartera de Estado trabaja por y para todos los grupos de atenci\u00f3n prioritaria, en este caso los adultos mayores y nuestro compromiso est\u00e1 enfocado en prevenir cualquiera forma de vulneraci\u00f3n de los derechos\u201d.<\/p>\n<p>&nbsp;<\/p>\n","protected":false},"excerpt":{"rendered":"<p class=\"excerpt\">Machala, 13 de noviembre de 2022.- En conmemoraci\u00f3n del D\u00eda del Adulto Mayor, que se celebra cada 1 de octubre, la Secretar\u00eda de Derechos Humanos, a trav\u00e9s de su\u00a0 equipo t\u00e9cnico del Servicio de Protecci\u00f3n Integral,\u00a0 particip\u00f3 en la Casa Abierta del Adulto Mayor organizada por el Consejo Cantonal de Protecci\u00f3n de Derechos con el prop\u00f3sito de difundir a la&hellip; <a href=\"https:\/\/www.ministeriodegobierno.gob.ec\/derechoshumanos\/2022\/10\/13\/secretaria-de-derechos-humanos-mostro-sus-servicios-en-casa-abierta-del-adulto-mayor-en-machala\/\">Read more &rarr;<\/a><\/p>\n","protected":false},"author":6,"featured_media":13824,"comment_status":"closed","ping_status":"closed","sticky":false,"template":"","format":"standard","meta":{"footnotes":""},"categories":[20,5,6],"tags":[],"class_list":["post-13823","post","type-post","status-publish","format-standard","has-post-thumbnail","hentry","category-boletin-de-prensa","category-noticias","category-noticias-destacadas","xfolkentry"],"_links":{"self":[{"href":"https:\/\/www.ministeriodegobierno.gob.ec\/derechoshumanos\/wp-json\/wp\/v2\/posts\/13823","targetHints":{"allow":["GET"]}}],"collection":[{"href":"https:\/\/www.ministeriodegobierno.gob.ec\/derechoshumanos\/wp-json\/wp\/v2\/posts"}],"about":[{"href":"https:\/\/www.ministeriodegobierno.gob.ec\/derechoshumanos\/wp-json\/wp\/v2\/types\/post"}],"author":[{"embeddable":true,"href":"https:\/\/www.ministeriodegobierno.gob.ec\/derechoshumanos\/wp-json\/wp\/v2\/users\/6"}],"replies":[{"embeddable":true,"href":"https:\/\/www.ministeriodegobierno.gob.ec\/derechoshumanos\/wp-json\/wp\/v2\/comments?post=13823"}],"version-history":[{"count":1,"href":"https:\/\/www.ministeriodegobierno.gob.ec\/derechoshumanos\/wp-json\/wp\/v2\/posts\/13823\/revisions"}],"predecessor-version":[{"id":13825,"href":"https:\/\/www.ministeriodegobierno.gob.ec\/derechoshumanos\/wp-json\/wp\/v2\/posts\/13823\/revisions\/13825"}],"wp:featuredmedia":[{"embeddable":true,"href":"https:\/\/www.ministeriodegobierno.gob.ec\/derechoshumanos\/wp-json\/wp\/v2\/media\/13824"}],"wp:attachment":[{"href":"https:\/\/www.ministeriodegobierno.gob.ec\/derechoshumanos\/wp-json\/wp\/v2\/media?parent=13823"}],"wp:term":[{"taxonomy":"category","embeddable":true,"href":"https:\/\/www.ministeriodegobierno.gob.ec\/derechoshumanos\/wp-json\/wp\/v2\/categories?post=13823"},{"taxonomy":"post_tag","embeddable":true,"href":"https:\/\/www.ministeriodegobierno.gob.ec\/derechoshumanos\/wp-json\/wp\/v2\/tags?post=13823"}],"curies":[{"name":"wp","href":"https:\/\/api.w.org\/{rel}","templated":true}]}}