{"id":13831,"date":"2022-10-18T08:57:03","date_gmt":"2022-10-18T13:57:03","guid":{"rendered":"https:\/\/www.derechoshumanos.gob.ec\/?p=13831"},"modified":"2023-02-14T17:30:46","modified_gmt":"2023-02-14T22:30:46","slug":"funcionarios-del-inec-fueron-capacitados-sobre-herramientas-de-contencion-y-afrontamiento-emocional-en-guayaquil","status":"publish","type":"post","link":"https:\/\/www.ministeriodegobierno.gob.ec\/derechoshumanos\/2022\/10\/18\/funcionarios-del-inec-fueron-capacitados-sobre-herramientas-de-contencion-y-afrontamiento-emocional-en-guayaquil\/","title":{"rendered":"Funcionarios del INEC fueron capacitados sobre herramientas de contenci\u00f3n y afrontamiento emocional en Guayaquil"},"content":{"rendered":"<p><strong>Guayaquil, 18 de octubre de 2022.- <\/strong>El equipo del Servicio de Protecci\u00f3n Integral de la Zona 8 capacit\u00f3 a 49 funcionarios del Instituto Nacional de Estad\u00edstica y Censos, responsables del Censo Penitenciario, en la ciudad de Guayaquil, sobre herramientas de contenci\u00f3n y afrontamiento emocional.<\/p>\n<p>Este taller tuvo el objetivo de brindar herramientas para afrontar de forma correcta las emociones que se puedan presentar en el contexto del censo penitenciario y evitar emociones negativas y aturdimiento emocional en el equipo que realizar\u00e1 el censo.<\/p>\n<p>En el espacio se trataron temas como: valores prioritarios, respeto mutuo, reconocimiento de emociones, contenci\u00f3n: f\u00edsica y emocional se abordaron en esta capacitaci\u00f3n l\u00fadica que pretende cuidar la salud emocional de los censistas.<\/p>\n<p>Melissa Cabanilla Hern\u00e1ndez, directora Zonal 8, se\u00f1al\u00f3 que: \u201clas herramientas de contenci\u00f3n y afrontamiento emocional durante el censo, fueron reforzadas a trav\u00e9s de las psic\u00f3logas, con el objetivo de brindar la informaci\u00f3n necesaria para poder ejecutar el censo penitenciario de la forma m\u00e1s eficaz y responsable.\u201d<\/p>\n<p>La Secretar\u00eda de Derechos Humanos trabaja de manera articulada para la ejecuci\u00f3n del censo penitenciario, por eso promovemos espacios de catarsis y descarga emocional mediante el \u00a0acompa\u00f1amiento psicol\u00f3gico a fin de evitar el desborde emocional.<\/p>\n<p>&nbsp;<\/p>\n<p>&nbsp;<\/p>\n<p><strong>\u00a0<\/strong><\/p>\n<p>&nbsp;<\/p>\n","protected":false},"excerpt":{"rendered":"<p class=\"excerpt\">Guayaquil, 18 de octubre de 2022.- El equipo del Servicio de Protecci\u00f3n Integral de la Zona 8 capacit\u00f3 a 49 funcionarios del Instituto Nacional de Estad\u00edstica y Censos, responsables del Censo Penitenciario, en la ciudad de Guayaquil, sobre herramientas de contenci\u00f3n y afrontamiento emocional. Este taller tuvo el objetivo de brindar herramientas para afrontar de forma correcta las emociones que&hellip; <a href=\"https:\/\/www.ministeriodegobierno.gob.ec\/derechoshumanos\/2022\/10\/18\/funcionarios-del-inec-fueron-capacitados-sobre-herramientas-de-contencion-y-afrontamiento-emocional-en-guayaquil\/\">Read more &rarr;<\/a><\/p>\n","protected":false},"author":6,"featured_media":13832,"comment_status":"closed","ping_status":"closed","sticky":false,"template":"","format":"standard","meta":{"footnotes":""},"categories":[20,19,5],"tags":[49,36],"class_list":["post-13831","post","type-post","status-publish","format-standard","has-post-thumbnail","hentry","category-boletin-de-prensa","category-la-secretaria","category-noticias","tag-acciones-urgentes","tag-ddhh-ecuador","xfolkentry"],"_links":{"self":[{"href":"https:\/\/www.ministeriodegobierno.gob.ec\/derechoshumanos\/wp-json\/wp\/v2\/posts\/13831","targetHints":{"allow":["GET"]}}],"collection":[{"href":"https:\/\/www.ministeriodegobierno.gob.ec\/derechoshumanos\/wp-json\/wp\/v2\/posts"}],"about":[{"href":"https:\/\/www.ministeriodegobierno.gob.ec\/derechoshumanos\/wp-json\/wp\/v2\/types\/post"}],"author":[{"embeddable":true,"href":"https:\/\/www.ministeriodegobierno.gob.ec\/derechoshumanos\/wp-json\/wp\/v2\/users\/6"}],"replies":[{"embeddable":true,"href":"https:\/\/www.ministeriodegobierno.gob.ec\/derechoshumanos\/wp-json\/wp\/v2\/comments?post=13831"}],"version-history":[{"count":2,"href":"https:\/\/www.ministeriodegobierno.gob.ec\/derechoshumanos\/wp-json\/wp\/v2\/posts\/13831\/revisions"}],"predecessor-version":[{"id":14627,"href":"https:\/\/www.ministeriodegobierno.gob.ec\/derechoshumanos\/wp-json\/wp\/v2\/posts\/13831\/revisions\/14627"}],"wp:featuredmedia":[{"embeddable":true,"href":"https:\/\/www.ministeriodegobierno.gob.ec\/derechoshumanos\/wp-json\/wp\/v2\/media\/13832"}],"wp:attachment":[{"href":"https:\/\/www.ministeriodegobierno.gob.ec\/derechoshumanos\/wp-json\/wp\/v2\/media?parent=13831"}],"wp:term":[{"taxonomy":"category","embeddable":true,"href":"https:\/\/www.ministeriodegobierno.gob.ec\/derechoshumanos\/wp-json\/wp\/v2\/categories?post=13831"},{"taxonomy":"post_tag","embeddable":true,"href":"https:\/\/www.ministeriodegobierno.gob.ec\/derechoshumanos\/wp-json\/wp\/v2\/tags?post=13831"}],"curies":[{"name":"wp","href":"https:\/\/api.w.org\/{rel}","templated":true}]}}