{"id":13837,"date":"2022-10-20T11:58:33","date_gmt":"2022-10-20T16:58:33","guid":{"rendered":"https:\/\/www.derechoshumanos.gob.ec\/?p=13837"},"modified":"2022-10-20T11:59:24","modified_gmt":"2022-10-20T16:59:24","slug":"subsecretaria-de-diversidades-fortalece-la-cooperacion-con-la-academia-y-organizaciones-sociales-en-guayaquil","status":"publish","type":"post","link":"https:\/\/www.ministeriodegobierno.gob.ec\/derechoshumanos\/2022\/10\/20\/subsecretaria-de-diversidades-fortalece-la-cooperacion-con-la-academia-y-organizaciones-sociales-en-guayaquil\/","title":{"rendered":"Subsecretar\u00eda de Diversidades fortalece la cooperaci\u00f3n con la academia y organizaciones sociales en Guayaquil"},"content":{"rendered":"<p><strong>Guayaquil, 20 de octubre de 2022.-<\/strong> El subsecretario de Diversidades, Alexander Guano, cumpli\u00f3 una amplia agenda en Guayaquil, junto a organizaciones sociales y la academia, con la finalidad de fortalecer el trabajo por los derechos de la poblaci\u00f3n LGBTI+.<\/p>\n<p>Como parte de sus actividades, particip\u00f3 en la presentaci\u00f3n del libro \u201cDesde otros ojos\u201d, una iniciativa de la Universidad Casa Grande y el Museo Antropol\u00f3gico y de Arte Contempor\u00e1neo \u2013 MAAC, que promueve las obras de autores\u00a0 y autoras que son parte de las poblaciones ind\u00edgenas, LGTBI+, personas con discapacidad, migrantes y afrodescendientes quienes plasmaron su sello genuino en esta publicaci\u00f3n y que proponen la inclusi\u00f3n en la diversidad.<\/p>\n<p>\u201cLa obra, Desde otros ojos, representa el esfuerzo por abrir barreras y romper estereotipos sobre la configuraci\u00f3n social enraizada en sectores que impiden cristalizar los derechos adquiridos y las luchas culturales que est\u00e1n en permanente cambio, transformaci\u00f3n y disputa\u201d, se\u00f1al\u00f3 el Subsecretario.<\/p>\n<p>En este espacio, tambi\u00e9n se socializ\u00f3 el Plan de Acci\u00f3n de Diversidades, primera herramienta para generar pol\u00edtica p\u00fablica orientada a la promoci\u00f3n de los derechos de la poblaci\u00f3n LGBTI+ y a la erradicaci\u00f3n de todas formas de violencia y discriminaci\u00f3n por orientaci\u00f3n sexual y\/o identidad de g\u00e9nero, haciendo \u00e9nfasis en las acciones comprometidas desde las instancias del estado en el \u00e1mbito cultural.<\/p>\n<p>Adem\u00e1s, indic\u00f3 que en la Cumbre Global LGBTI+ de la Coalici\u00f3n por la Igualdad de Derechos realizada en septiembre en la ciudad de Buenos Aires \u2013 Argentina se identific\u00f3 a Ecuador como uno de los pa\u00edses que dentro de la regi\u00f3n latinoamericana, es considerado como uno de los m\u00e1s progresistas en materia normativa de derechos de la poblaci\u00f3n LGBTI+. \u201cSin embargo, desde el Estado, estamos conscientes de que la respuesta debe materializarse a trav\u00e9s de pol\u00edticas p\u00fablicas, decisiones judiciales, leyes y proyectos de ley, en distintos niveles de implementaci\u00f3n\u201d acot\u00f3 el Subsecretario.<\/p>\n<p>En el marco de su agenda, particip\u00f3 en el plan piloto de la Encuesta sobre condiciones de vida de la poblaci\u00f3n LGBTI+ que busca registrar data oficial\u00a0 para generar pol\u00edticas p\u00fablicas por los derechos de esta poblaci\u00f3n.<\/p>\n<p>Asimismo, se reuni\u00f3 con representantes de la Asociaci\u00f3n Silueta X para darles a conocer las l\u00edneas de acci\u00f3n que se desarrollan desde la Subsecretar\u00eda de Diversidades para coordinar acciones conjuntas y motivar la participaci\u00f3n de las Organizaciones de la Sociedad Civil en el desarrollo del Plan Piloto sobre la Encuesta de Condiciones de Vida de la poblaci\u00f3n LGBTI+.<\/p>\n<p>Trabajamos en la construcci\u00f3n de una sociedad m\u00e1s justa e incluyente, basada en el respeto a la orientaci\u00f3n sexual, identidad de g\u00e9nero- real o percibida &#8211; y la diversidad.<\/p>\n","protected":false},"excerpt":{"rendered":"<p class=\"excerpt\">Guayaquil, 20 de octubre de 2022.- El subsecretario de Diversidades, Alexander Guano, cumpli\u00f3 una amplia agenda en Guayaquil, junto a organizaciones sociales y la academia, con la finalidad de fortalecer el trabajo por los derechos de la poblaci\u00f3n LGBTI+. Como parte de sus actividades, particip\u00f3 en la presentaci\u00f3n del libro \u201cDesde otros ojos\u201d, una iniciativa de la Universidad Casa Grande&hellip; <a href=\"https:\/\/www.ministeriodegobierno.gob.ec\/derechoshumanos\/2022\/10\/20\/subsecretaria-de-diversidades-fortalece-la-cooperacion-con-la-academia-y-organizaciones-sociales-en-guayaquil\/\">Read more &rarr;<\/a><\/p>\n","protected":false},"author":6,"featured_media":13838,"comment_status":"closed","ping_status":"closed","sticky":false,"template":"","format":"standard","meta":{"footnotes":""},"categories":[20,19,5],"tags":[38,37,39],"class_list":["post-13837","post","type-post","status-publish","format-standard","has-post-thumbnail","hentry","category-boletin-de-prensa","category-la-secretaria","category-noticias","tag-ecuador-diverso","tag-lgbti","tag-subsecretaria-de-diversidades","xfolkentry"],"_links":{"self":[{"href":"https:\/\/www.ministeriodegobierno.gob.ec\/derechoshumanos\/wp-json\/wp\/v2\/posts\/13837","targetHints":{"allow":["GET"]}}],"collection":[{"href":"https:\/\/www.ministeriodegobierno.gob.ec\/derechoshumanos\/wp-json\/wp\/v2\/posts"}],"about":[{"href":"https:\/\/www.ministeriodegobierno.gob.ec\/derechoshumanos\/wp-json\/wp\/v2\/types\/post"}],"author":[{"embeddable":true,"href":"https:\/\/www.ministeriodegobierno.gob.ec\/derechoshumanos\/wp-json\/wp\/v2\/users\/6"}],"replies":[{"embeddable":true,"href":"https:\/\/www.ministeriodegobierno.gob.ec\/derechoshumanos\/wp-json\/wp\/v2\/comments?post=13837"}],"version-history":[{"count":1,"href":"https:\/\/www.ministeriodegobierno.gob.ec\/derechoshumanos\/wp-json\/wp\/v2\/posts\/13837\/revisions"}],"predecessor-version":[{"id":13839,"href":"https:\/\/www.ministeriodegobierno.gob.ec\/derechoshumanos\/wp-json\/wp\/v2\/posts\/13837\/revisions\/13839"}],"wp:featuredmedia":[{"embeddable":true,"href":"https:\/\/www.ministeriodegobierno.gob.ec\/derechoshumanos\/wp-json\/wp\/v2\/media\/13838"}],"wp:attachment":[{"href":"https:\/\/www.ministeriodegobierno.gob.ec\/derechoshumanos\/wp-json\/wp\/v2\/media?parent=13837"}],"wp:term":[{"taxonomy":"category","embeddable":true,"href":"https:\/\/www.ministeriodegobierno.gob.ec\/derechoshumanos\/wp-json\/wp\/v2\/categories?post=13837"},{"taxonomy":"post_tag","embeddable":true,"href":"https:\/\/www.ministeriodegobierno.gob.ec\/derechoshumanos\/wp-json\/wp\/v2\/tags?post=13837"}],"curies":[{"name":"wp","href":"https:\/\/api.w.org\/{rel}","templated":true}]}}