{"id":13840,"date":"2022-10-20T14:28:23","date_gmt":"2022-10-20T19:28:23","guid":{"rendered":"https:\/\/www.derechoshumanos.gob.ec\/?p=13840"},"modified":"2022-10-20T14:28:23","modified_gmt":"2022-10-20T19:28:23","slug":"en-espana-se-fortalecen-acciones-para-las-agendas-locales-de-genero","status":"publish","type":"post","link":"https:\/\/www.ministeriodegobierno.gob.ec\/derechoshumanos\/2022\/10\/20\/en-espana-se-fortalecen-acciones-para-las-agendas-locales-de-genero\/","title":{"rendered":"En Espa\u00f1a se fortalecen acciones para las agendas locales de g\u00e9nero"},"content":{"rendered":"<p><strong>Espa\u00f1a, 20 de octubre de 2022.-<\/strong> La secretaria de Derechos Humanos, Paola Flores Jaramillo, presidi\u00f3 la reuni\u00f3n de la Red Iberoamericana de Municipios por la Igualdad de G\u00e9nero que se desarrall\u00f3 en\u00a0 Santa Coloma de Gramenet \u2013 Espa\u00f1a.<\/p>\n<p>La Secretaria destac\u00f3 la importancia de romper las brechas de inequidad y trabajar por la igualdad de g\u00e9nero desde la Red e involucrando a los gobiernos en todos los niveles: \u201cHoy desde el enfoque nacional como secretaria de Derechos Humanos del Ecuador estoy segura que la pol\u00edtica nacional debe construirse desde el territorio para poder tener acciones concretas y articular la implementaci\u00f3n de una Pol\u00edtica P\u00fablica de g\u00e9nero orientada en la igualdad como horizonte y como principio\u201d.<\/p>\n<p>Durante esta actividad, realizada en el marco de la 6\u00aa Cumbre de Agendas Locales de G\u00e9nero: \u00abNuevos desaf\u00edos globales, nuevas respuestas desde las agendas locales de g\u00e9nero\u00bb que se desarrollar\u00e1 hasta el 21 de octubre, se traspas\u00f3 la presidencia de la Red a la alcaldesa de Santa Coloma de Gramenet, N\u00faria Parlon.<\/p>\n<p>En horas de la noche, la \u00a0secretaria de Derechos Humanos particip\u00f3 en la \u201cCaminata por la Paz y la no Violencia hacia las Mujeres\u201d, actividad que busca crear conciencia y generar acciones concretas sobre esta problem\u00e1tica que afecta a Iberoam\u00e9rica. Adem\u00e1s, mantuvo varias reuniones para fortalecer la cooperaci\u00f3n internacional en materia de prevenci\u00f3n y erradicaci\u00f3n de la violencia.<\/p>\n","protected":false},"excerpt":{"rendered":"<p class=\"excerpt\">Espa\u00f1a, 20 de octubre de 2022.- La secretaria de Derechos Humanos, Paola Flores Jaramillo, presidi\u00f3 la reuni\u00f3n de la Red Iberoamericana de Municipios por la Igualdad de G\u00e9nero que se desarrall\u00f3 en\u00a0 Santa Coloma de Gramenet \u2013 Espa\u00f1a. La Secretaria destac\u00f3 la importancia de romper las brechas de inequidad y trabajar por la igualdad de g\u00e9nero desde la Red e&hellip; <a href=\"https:\/\/www.ministeriodegobierno.gob.ec\/derechoshumanos\/2022\/10\/20\/en-espana-se-fortalecen-acciones-para-las-agendas-locales-de-genero\/\">Read more &rarr;<\/a><\/p>\n","protected":false},"author":8,"featured_media":13842,"comment_status":"closed","ping_status":"closed","sticky":false,"template":"","format":"standard","meta":{"footnotes":""},"categories":[20,5,6],"tags":[36,46,50],"class_list":["post-13840","post","type-post","status-publish","format-standard","has-post-thumbnail","hentry","category-boletin-de-prensa","category-noticias","category-noticias-destacadas","tag-ddhh-ecuador","tag-erradicaccion-de-la-violencia-contra-las-mujeres","tag-madrid","xfolkentry"],"_links":{"self":[{"href":"https:\/\/www.ministeriodegobierno.gob.ec\/derechoshumanos\/wp-json\/wp\/v2\/posts\/13840","targetHints":{"allow":["GET"]}}],"collection":[{"href":"https:\/\/www.ministeriodegobierno.gob.ec\/derechoshumanos\/wp-json\/wp\/v2\/posts"}],"about":[{"href":"https:\/\/www.ministeriodegobierno.gob.ec\/derechoshumanos\/wp-json\/wp\/v2\/types\/post"}],"author":[{"embeddable":true,"href":"https:\/\/www.ministeriodegobierno.gob.ec\/derechoshumanos\/wp-json\/wp\/v2\/users\/8"}],"replies":[{"embeddable":true,"href":"https:\/\/www.ministeriodegobierno.gob.ec\/derechoshumanos\/wp-json\/wp\/v2\/comments?post=13840"}],"version-history":[{"count":1,"href":"https:\/\/www.ministeriodegobierno.gob.ec\/derechoshumanos\/wp-json\/wp\/v2\/posts\/13840\/revisions"}],"predecessor-version":[{"id":13843,"href":"https:\/\/www.ministeriodegobierno.gob.ec\/derechoshumanos\/wp-json\/wp\/v2\/posts\/13840\/revisions\/13843"}],"wp:featuredmedia":[{"embeddable":true,"href":"https:\/\/www.ministeriodegobierno.gob.ec\/derechoshumanos\/wp-json\/wp\/v2\/media\/13842"}],"wp:attachment":[{"href":"https:\/\/www.ministeriodegobierno.gob.ec\/derechoshumanos\/wp-json\/wp\/v2\/media?parent=13840"}],"wp:term":[{"taxonomy":"category","embeddable":true,"href":"https:\/\/www.ministeriodegobierno.gob.ec\/derechoshumanos\/wp-json\/wp\/v2\/categories?post=13840"},{"taxonomy":"post_tag","embeddable":true,"href":"https:\/\/www.ministeriodegobierno.gob.ec\/derechoshumanos\/wp-json\/wp\/v2\/tags?post=13840"}],"curies":[{"name":"wp","href":"https:\/\/api.w.org\/{rel}","templated":true}]}}