{"id":13853,"date":"2022-10-22T13:37:01","date_gmt":"2022-10-22T18:37:01","guid":{"rendered":"https:\/\/www.derechoshumanos.gob.ec\/?p=13853"},"modified":"2022-10-22T13:37:01","modified_gmt":"2022-10-22T18:37:01","slug":"cronograma-mesas-de-dialogo-por-las-mujeres-sdh-2022","status":"publish","type":"post","link":"https:\/\/www.ministeriodegobierno.gob.ec\/derechoshumanos\/2022\/10\/22\/cronograma-mesas-de-dialogo-por-las-mujeres-sdh-2022\/","title":{"rendered":"Cronograma mesas de di\u00e1logo por las mujeres SDH 2022"},"content":{"rendered":"<p>Esta Mesa tiene como objetivo recoger propuestas, ideas, experiencias de mujeres de todos los sectores del pa\u00eds para consolidar acciones para prevenir y erradicar la violencia en nuestro pa\u00eds. Y as\u00ed tambi\u00e9n fortalecer las capacidades de las instituciones del Estado para la implementaci\u00f3n de la Ley Org\u00e1nica Integral para Prevenir y Erradicar la Violencia.<\/p>\n<p><!--more--><\/p>\n<p><a href=\"https:\/\/www.ministeriodegobierno.gob.ec\/derechoshumanos\/wp-content\/uploads\/2022\/10\/CRONOGRAMA_MESAS_DE_DIALOGO_SDH_ZONA1_2022.jpeg\"><img loading=\"lazy\" decoding=\"async\" class=\"alignnone wp-image-13844 size-full\" src=\"https:\/\/www.ministeriodegobierno.gob.ec\/derechoshumanos\/wp-content\/uploads\/2022\/10\/CRONOGRAMA_MESAS_DE_DIALOGO_SDH_ZONA1_2022.jpeg\" alt=\"\" width=\"1280\" height=\"711\" srcset=\"https:\/\/www.ministeriodegobierno.gob.ec\/derechoshumanos\/wp-content\/uploads\/sites\/2\/2022\/10\/CRONOGRAMA_MESAS_DE_DIALOGO_SDH_ZONA1_2022.jpeg 1280w, https:\/\/www.ministeriodegobierno.gob.ec\/derechoshumanos\/wp-content\/uploads\/sites\/2\/2022\/10\/CRONOGRAMA_MESAS_DE_DIALOGO_SDH_ZONA1_2022-300x167.jpeg 300w, https:\/\/www.ministeriodegobierno.gob.ec\/derechoshumanos\/wp-content\/uploads\/sites\/2\/2022\/10\/CRONOGRAMA_MESAS_DE_DIALOGO_SDH_ZONA1_2022-1024x569.jpeg 1024w, https:\/\/www.ministeriodegobierno.gob.ec\/derechoshumanos\/wp-content\/uploads\/sites\/2\/2022\/10\/CRONOGRAMA_MESAS_DE_DIALOGO_SDH_ZONA1_2022-768x427.jpeg 768w\" sizes=\"auto, (max-width: 1280px) 100vw, 1280px\" \/><\/a><\/p>\n<p><!--more--><\/p>\n<p><a href=\"https:\/\/www.ministeriodegobierno.gob.ec\/derechoshumanos\/wp-content\/uploads\/2022\/10\/CRONOGRAMA_MESAS_DE_DIALOGO_SDH_ZONA2_2022.jpeg\"><img loading=\"lazy\" decoding=\"async\" class=\"alignnone size-full wp-image-13845\" src=\"https:\/\/www.ministeriodegobierno.gob.ec\/derechoshumanos\/wp-content\/uploads\/2022\/10\/CRONOGRAMA_MESAS_DE_DIALOGO_SDH_ZONA2_2022.jpeg\" alt=\"\" width=\"1280\" height=\"711\" srcset=\"https:\/\/www.ministeriodegobierno.gob.ec\/derechoshumanos\/wp-content\/uploads\/sites\/2\/2022\/10\/CRONOGRAMA_MESAS_DE_DIALOGO_SDH_ZONA2_2022.jpeg 1280w, https:\/\/www.ministeriodegobierno.gob.ec\/derechoshumanos\/wp-content\/uploads\/sites\/2\/2022\/10\/CRONOGRAMA_MESAS_DE_DIALOGO_SDH_ZONA2_2022-300x167.jpeg 300w, https:\/\/www.ministeriodegobierno.gob.ec\/derechoshumanos\/wp-content\/uploads\/sites\/2\/2022\/10\/CRONOGRAMA_MESAS_DE_DIALOGO_SDH_ZONA2_2022-1024x569.jpeg 1024w, https:\/\/www.ministeriodegobierno.gob.ec\/derechoshumanos\/wp-content\/uploads\/sites\/2\/2022\/10\/CRONOGRAMA_MESAS_DE_DIALOGO_SDH_ZONA2_2022-768x427.jpeg 768w\" sizes=\"auto, (max-width: 1280px) 100vw, 1280px\" \/><\/a><\/p>\n<p><!--more--><\/p>\n<p><a href=\"https:\/\/www.ministeriodegobierno.gob.ec\/derechoshumanos\/wp-content\/uploads\/2022\/10\/CRONOGRAMA_MESAS_DE_DIALOGO_SDH_ZONA3_2022.jpeg\"><img loading=\"lazy\" decoding=\"async\" class=\"alignnone size-full wp-image-13846\" src=\"https:\/\/www.ministeriodegobierno.gob.ec\/derechoshumanos\/wp-content\/uploads\/2022\/10\/CRONOGRAMA_MESAS_DE_DIALOGO_SDH_ZONA3_2022.jpeg\" alt=\"\" width=\"1280\" height=\"711\" srcset=\"https:\/\/www.ministeriodegobierno.gob.ec\/derechoshumanos\/wp-content\/uploads\/sites\/2\/2022\/10\/CRONOGRAMA_MESAS_DE_DIALOGO_SDH_ZONA3_2022.jpeg 1280w, https:\/\/www.ministeriodegobierno.gob.ec\/derechoshumanos\/wp-content\/uploads\/sites\/2\/2022\/10\/CRONOGRAMA_MESAS_DE_DIALOGO_SDH_ZONA3_2022-300x167.jpeg 300w, https:\/\/www.ministeriodegobierno.gob.ec\/derechoshumanos\/wp-content\/uploads\/sites\/2\/2022\/10\/CRONOGRAMA_MESAS_DE_DIALOGO_SDH_ZONA3_2022-1024x569.jpeg 1024w, https:\/\/www.ministeriodegobierno.gob.ec\/derechoshumanos\/wp-content\/uploads\/sites\/2\/2022\/10\/CRONOGRAMA_MESAS_DE_DIALOGO_SDH_ZONA3_2022-768x427.jpeg 768w\" sizes=\"auto, (max-width: 1280px) 100vw, 1280px\" \/><\/a><\/p>\n<p><!--more--><\/p>\n<p><a href=\"https:\/\/www.ministeriodegobierno.gob.ec\/derechoshumanos\/wp-content\/uploads\/2022\/10\/CRONOGRAMA_MESAS_DE_DIALOGO_SDH_ZONA4_2022.jpeg\"><img loading=\"lazy\" decoding=\"async\" class=\"alignnone size-full wp-image-13847\" src=\"https:\/\/www.ministeriodegobierno.gob.ec\/derechoshumanos\/wp-content\/uploads\/2022\/10\/CRONOGRAMA_MESAS_DE_DIALOGO_SDH_ZONA4_2022.jpeg\" alt=\"\" width=\"1280\" height=\"711\" srcset=\"https:\/\/www.ministeriodegobierno.gob.ec\/derechoshumanos\/wp-content\/uploads\/sites\/2\/2022\/10\/CRONOGRAMA_MESAS_DE_DIALOGO_SDH_ZONA4_2022.jpeg 1280w, https:\/\/www.ministeriodegobierno.gob.ec\/derechoshumanos\/wp-content\/uploads\/sites\/2\/2022\/10\/CRONOGRAMA_MESAS_DE_DIALOGO_SDH_ZONA4_2022-300x167.jpeg 300w, https:\/\/www.ministeriodegobierno.gob.ec\/derechoshumanos\/wp-content\/uploads\/sites\/2\/2022\/10\/CRONOGRAMA_MESAS_DE_DIALOGO_SDH_ZONA4_2022-1024x569.jpeg 1024w, https:\/\/www.ministeriodegobierno.gob.ec\/derechoshumanos\/wp-content\/uploads\/sites\/2\/2022\/10\/CRONOGRAMA_MESAS_DE_DIALOGO_SDH_ZONA4_2022-768x427.jpeg 768w\" sizes=\"auto, (max-width: 1280px) 100vw, 1280px\" \/><\/a><\/p>\n<p><!--more--><\/p>\n<p><a href=\"https:\/\/www.ministeriodegobierno.gob.ec\/derechoshumanos\/wp-content\/uploads\/2022\/10\/CRONOGRAMA_MESAS_DE_DIALOGO_SDH_ZONA5_2022.jpeg\"><img loading=\"lazy\" decoding=\"async\" class=\"alignnone size-full wp-image-13848\" src=\"https:\/\/www.ministeriodegobierno.gob.ec\/derechoshumanos\/wp-content\/uploads\/2022\/10\/CRONOGRAMA_MESAS_DE_DIALOGO_SDH_ZONA5_2022.jpeg\" alt=\"\" width=\"1280\" height=\"711\" srcset=\"https:\/\/www.ministeriodegobierno.gob.ec\/derechoshumanos\/wp-content\/uploads\/sites\/2\/2022\/10\/CRONOGRAMA_MESAS_DE_DIALOGO_SDH_ZONA5_2022.jpeg 1280w, https:\/\/www.ministeriodegobierno.gob.ec\/derechoshumanos\/wp-content\/uploads\/sites\/2\/2022\/10\/CRONOGRAMA_MESAS_DE_DIALOGO_SDH_ZONA5_2022-300x167.jpeg 300w, https:\/\/www.ministeriodegobierno.gob.ec\/derechoshumanos\/wp-content\/uploads\/sites\/2\/2022\/10\/CRONOGRAMA_MESAS_DE_DIALOGO_SDH_ZONA5_2022-1024x569.jpeg 1024w, https:\/\/www.ministeriodegobierno.gob.ec\/derechoshumanos\/wp-content\/uploads\/sites\/2\/2022\/10\/CRONOGRAMA_MESAS_DE_DIALOGO_SDH_ZONA5_2022-768x427.jpeg 768w\" sizes=\"auto, (max-width: 1280px) 100vw, 1280px\" \/><\/a><\/p>\n<p><!--more--><\/p>\n<p><a href=\"https:\/\/www.ministeriodegobierno.gob.ec\/derechoshumanos\/wp-content\/uploads\/2022\/10\/CRONOGRAMA_MESAS_DE_DIALOGO_SDH_ZONA6_2022.jpeg\"><img loading=\"lazy\" decoding=\"async\" class=\"alignnone size-full wp-image-13849\" src=\"https:\/\/www.ministeriodegobierno.gob.ec\/derechoshumanos\/wp-content\/uploads\/2022\/10\/CRONOGRAMA_MESAS_DE_DIALOGO_SDH_ZONA6_2022.jpeg\" alt=\"\" width=\"1280\" height=\"711\" srcset=\"https:\/\/www.ministeriodegobierno.gob.ec\/derechoshumanos\/wp-content\/uploads\/sites\/2\/2022\/10\/CRONOGRAMA_MESAS_DE_DIALOGO_SDH_ZONA6_2022.jpeg 1280w, https:\/\/www.ministeriodegobierno.gob.ec\/derechoshumanos\/wp-content\/uploads\/sites\/2\/2022\/10\/CRONOGRAMA_MESAS_DE_DIALOGO_SDH_ZONA6_2022-300x167.jpeg 300w, https:\/\/www.ministeriodegobierno.gob.ec\/derechoshumanos\/wp-content\/uploads\/sites\/2\/2022\/10\/CRONOGRAMA_MESAS_DE_DIALOGO_SDH_ZONA6_2022-1024x569.jpeg 1024w, https:\/\/www.ministeriodegobierno.gob.ec\/derechoshumanos\/wp-content\/uploads\/sites\/2\/2022\/10\/CRONOGRAMA_MESAS_DE_DIALOGO_SDH_ZONA6_2022-768x427.jpeg 768w\" sizes=\"auto, (max-width: 1280px) 100vw, 1280px\" \/><\/a><\/p>\n<p><!--more--><\/p>\n<p><a href=\"https:\/\/www.ministeriodegobierno.gob.ec\/derechoshumanos\/wp-content\/uploads\/2022\/10\/CRONOGRAMA_MESAS_DE_DIALOGO_SDH_ZONA7_2022.jpeg\"><img loading=\"lazy\" decoding=\"async\" class=\"alignnone size-full wp-image-13850\" src=\"https:\/\/www.ministeriodegobierno.gob.ec\/derechoshumanos\/wp-content\/uploads\/2022\/10\/CRONOGRAMA_MESAS_DE_DIALOGO_SDH_ZONA7_2022.jpeg\" alt=\"\" width=\"1280\" height=\"711\" srcset=\"https:\/\/www.ministeriodegobierno.gob.ec\/derechoshumanos\/wp-content\/uploads\/sites\/2\/2022\/10\/CRONOGRAMA_MESAS_DE_DIALOGO_SDH_ZONA7_2022.jpeg 1280w, https:\/\/www.ministeriodegobierno.gob.ec\/derechoshumanos\/wp-content\/uploads\/sites\/2\/2022\/10\/CRONOGRAMA_MESAS_DE_DIALOGO_SDH_ZONA7_2022-300x167.jpeg 300w, https:\/\/www.ministeriodegobierno.gob.ec\/derechoshumanos\/wp-content\/uploads\/sites\/2\/2022\/10\/CRONOGRAMA_MESAS_DE_DIALOGO_SDH_ZONA7_2022-1024x569.jpeg 1024w, https:\/\/www.ministeriodegobierno.gob.ec\/derechoshumanos\/wp-content\/uploads\/sites\/2\/2022\/10\/CRONOGRAMA_MESAS_DE_DIALOGO_SDH_ZONA7_2022-768x427.jpeg 768w\" sizes=\"auto, (max-width: 1280px) 100vw, 1280px\" \/><\/a><\/p>\n<p><!--more--><\/p>\n<p><a href=\"https:\/\/www.ministeriodegobierno.gob.ec\/derechoshumanos\/wp-content\/uploads\/2022\/10\/CRONOGRAMA_MESAS_DE_DIALOGO_SDH_ZONA8_2022.jpeg\"><img loading=\"lazy\" decoding=\"async\" class=\"alignnone size-full wp-image-13851\" src=\"https:\/\/www.ministeriodegobierno.gob.ec\/derechoshumanos\/wp-content\/uploads\/2022\/10\/CRONOGRAMA_MESAS_DE_DIALOGO_SDH_ZONA8_2022.jpeg\" alt=\"\" width=\"1280\" height=\"711\" srcset=\"https:\/\/www.ministeriodegobierno.gob.ec\/derechoshumanos\/wp-content\/uploads\/sites\/2\/2022\/10\/CRONOGRAMA_MESAS_DE_DIALOGO_SDH_ZONA8_2022.jpeg 1280w, https:\/\/www.ministeriodegobierno.gob.ec\/derechoshumanos\/wp-content\/uploads\/sites\/2\/2022\/10\/CRONOGRAMA_MESAS_DE_DIALOGO_SDH_ZONA8_2022-300x167.jpeg 300w, https:\/\/www.ministeriodegobierno.gob.ec\/derechoshumanos\/wp-content\/uploads\/sites\/2\/2022\/10\/CRONOGRAMA_MESAS_DE_DIALOGO_SDH_ZONA8_2022-1024x569.jpeg 1024w, https:\/\/www.ministeriodegobierno.gob.ec\/derechoshumanos\/wp-content\/uploads\/sites\/2\/2022\/10\/CRONOGRAMA_MESAS_DE_DIALOGO_SDH_ZONA8_2022-768x427.jpeg 768w\" sizes=\"auto, (max-width: 1280px) 100vw, 1280px\" \/><\/a><\/p>\n<p><!--more--><\/p>\n<p><a href=\"https:\/\/www.ministeriodegobierno.gob.ec\/derechoshumanos\/wp-content\/uploads\/2022\/10\/CRONOGRAMA_MESAS_DE_DIALOGO_SDH_ZONA9_2022.jpeg\"><img loading=\"lazy\" decoding=\"async\" class=\"alignnone size-full wp-image-13852\" src=\"https:\/\/www.ministeriodegobierno.gob.ec\/derechoshumanos\/wp-content\/uploads\/2022\/10\/CRONOGRAMA_MESAS_DE_DIALOGO_SDH_ZONA9_2022.jpeg\" alt=\"\" width=\"1280\" height=\"711\" srcset=\"https:\/\/www.ministeriodegobierno.gob.ec\/derechoshumanos\/wp-content\/uploads\/sites\/2\/2022\/10\/CRONOGRAMA_MESAS_DE_DIALOGO_SDH_ZONA9_2022.jpeg 1280w, https:\/\/www.ministeriodegobierno.gob.ec\/derechoshumanos\/wp-content\/uploads\/sites\/2\/2022\/10\/CRONOGRAMA_MESAS_DE_DIALOGO_SDH_ZONA9_2022-300x167.jpeg 300w, https:\/\/www.ministeriodegobierno.gob.ec\/derechoshumanos\/wp-content\/uploads\/sites\/2\/2022\/10\/CRONOGRAMA_MESAS_DE_DIALOGO_SDH_ZONA9_2022-1024x569.jpeg 1024w, https:\/\/www.ministeriodegobierno.gob.ec\/derechoshumanos\/wp-content\/uploads\/sites\/2\/2022\/10\/CRONOGRAMA_MESAS_DE_DIALOGO_SDH_ZONA9_2022-768x427.jpeg 768w\" sizes=\"auto, (max-width: 1280px) 100vw, 1280px\" \/><\/a><\/p>\n","protected":false},"excerpt":{"rendered":"<p class=\"excerpt\">Esta Mesa tiene como objetivo recoger propuestas, ideas, experiencias de mujeres de todos los sectores del pa\u00eds para consolidar acciones para prevenir y erradicar la violencia en nuestro pa\u00eds. Y as\u00ed tambi\u00e9n fortalecer las capacidades de las instituciones del Estado para la implementaci\u00f3n de la Ley Org\u00e1nica Integral para Prevenir y Erradicar la Violencia. <a href=\"https:\/\/www.ministeriodegobierno.gob.ec\/derechoshumanos\/2022\/10\/22\/cronograma-mesas-de-dialogo-por-las-mujeres-sdh-2022\/\">Read more &rarr;<\/a><\/p>\n","protected":false},"author":10,"featured_media":0,"comment_status":"closed","ping_status":"closed","sticky":false,"template":"","format":"standard","meta":{"footnotes":""},"categories":[20,5,6],"tags":[28,36,46,35,30,40],"class_list":["post-13853","post","type-post","status-publish","format-standard","hentry","category-boletin-de-prensa","category-noticias","category-noticias-destacadas","tag-ddhh","tag-ddhh-ecuador","tag-erradicaccion-de-la-violencia-contra-las-mujeres","tag-mujeres","tag-sdh","tag-servicios-de-proteccion-integral","xfolkentry"],"_links":{"self":[{"href":"https:\/\/www.ministeriodegobierno.gob.ec\/derechoshumanos\/wp-json\/wp\/v2\/posts\/13853","targetHints":{"allow":["GET"]}}],"collection":[{"href":"https:\/\/www.ministeriodegobierno.gob.ec\/derechoshumanos\/wp-json\/wp\/v2\/posts"}],"about":[{"href":"https:\/\/www.ministeriodegobierno.gob.ec\/derechoshumanos\/wp-json\/wp\/v2\/types\/post"}],"author":[{"embeddable":true,"href":"https:\/\/www.ministeriodegobierno.gob.ec\/derechoshumanos\/wp-json\/wp\/v2\/users\/10"}],"replies":[{"embeddable":true,"href":"https:\/\/www.ministeriodegobierno.gob.ec\/derechoshumanos\/wp-json\/wp\/v2\/comments?post=13853"}],"version-history":[{"count":1,"href":"https:\/\/www.ministeriodegobierno.gob.ec\/derechoshumanos\/wp-json\/wp\/v2\/posts\/13853\/revisions"}],"predecessor-version":[{"id":13854,"href":"https:\/\/www.ministeriodegobierno.gob.ec\/derechoshumanos\/wp-json\/wp\/v2\/posts\/13853\/revisions\/13854"}],"wp:attachment":[{"href":"https:\/\/www.ministeriodegobierno.gob.ec\/derechoshumanos\/wp-json\/wp\/v2\/media?parent=13853"}],"wp:term":[{"taxonomy":"category","embeddable":true,"href":"https:\/\/www.ministeriodegobierno.gob.ec\/derechoshumanos\/wp-json\/wp\/v2\/categories?post=13853"},{"taxonomy":"post_tag","embeddable":true,"href":"https:\/\/www.ministeriodegobierno.gob.ec\/derechoshumanos\/wp-json\/wp\/v2\/tags?post=13853"}],"curies":[{"name":"wp","href":"https:\/\/api.w.org\/{rel}","templated":true}]}}