{"id":13856,"date":"2022-10-24T13:11:14","date_gmt":"2022-10-24T18:11:14","guid":{"rendered":"https:\/\/www.derechoshumanos.gob.ec\/?p=13856"},"modified":"2022-10-24T13:15:26","modified_gmt":"2022-10-24T18:15:26","slug":"cooperacion-internacional-para-prevenir-y-erradicar-la-violencia-de-genero-se-fortalece","status":"publish","type":"post","link":"https:\/\/www.ministeriodegobierno.gob.ec\/derechoshumanos\/2022\/10\/24\/cooperacion-internacional-para-prevenir-y-erradicar-la-violencia-de-genero-se-fortalece\/","title":{"rendered":"SDH y ONU Mujeres fortalecen acciones para prevenir y erradicar la violencia de g\u00e9nero"},"content":{"rendered":"<p><strong>Quito, 24 de octubre de 2022.- <\/strong>La secretaria de Derechos Humanos, Paola Flores Jaramillo, junto a varias instituciones de Gobierno se reunieron con\u00a0 los miembros de la Junta Ejecutiva de ONU Mujeres, que \u00a0visitan a Ecuador del 23 al 29 de octubre.<\/p>\n<p>En esta cita la Secretaria socializ\u00f3 las acciones realizadas por el Gobierno Nacional para prevenir y erradicar la violencia de g\u00e9nero en el pa\u00eds, resalt\u00f3 la voluntad pol\u00edtica del presidente de la Rep\u00fablica, Guillermo Lasso Mendoza, por los derechos de las ni\u00f1as, ni\u00f1os, adolescentes y mujeres.<\/p>\n<p>En este sentido anunci\u00f3 la transformaci\u00f3n de la Secretar\u00eda de Derechos Humanos al Ministerio de la Mujer y Derechos Humanos, con la finalidad de contar con una institucionalidad m\u00e1s fuerte, con mayor presencia en territorio para dar respuestas institucionales a la aplicaci\u00f3n de la Ley Org\u00e1nica para Prevenir y Erradicar la Violencia contra las Mujeres.<\/p>\n<p>Mar\u00eda Noel, Directora Regional de\u00a0 ONU Mujeres, mencion\u00f3 que es un gran avance que se cree un Ministerio de la Mujer y Derechos\u00a0 Humanos y felicit\u00f3 ese compromiso y la voluntad de la Secretaria de Derechos Humanos y del Presidente de la Rep\u00fablica.<\/p>\n<p>La Secretaria tambi\u00e9n se\u00f1al\u00f3 que\u00a0 \u201cDesde que asum\u00ed esta cartera de Estado hemos volcado el trabajo a territorio para brindar una atenci\u00f3n oportuna, especializada e integral a las v\u00edctimas de violencia y tambi\u00e9n para ser ese ente articulador interinstitucional, trabajando de manera coordinada con las dem\u00e1s instituciones del Estado\u201d.<\/p>\n<p>Lena Savelli, coordinadora Residente ONU Ecuador manifest\u00f3 que es una gran oportunidad para que la Junta conozca la realidad en Ecuador, para apoyar las prioridades de desarrollo del pa\u00eds y la protecci\u00f3n de Derechos Humanos.<\/p>\n<p>La Junta Ejecutiva cumplir\u00e1 con una amplia agenda en su visita a Ecuador con el objetivo contar con\u00a0 mayor conocimiento y comprensi\u00f3n del impacto de la cartera de programaci\u00f3n de la Oficina de ONU Mujeres en Ecuador, y c\u00f3mo esta contribuye a la implementaci\u00f3n de las prioridades de desarrollo nacional del pa\u00eds.<\/p>\n<p>&nbsp;<\/p>\n<p>&nbsp;<\/p>\n<p>&nbsp;<\/p>\n<p>&nbsp;<\/p>\n<p>&nbsp;<\/p>\n<p>&nbsp;<\/p>\n<p>&nbsp;<\/p>\n","protected":false},"excerpt":{"rendered":"<p class=\"excerpt\">Quito, 24 de octubre de 2022.- La secretaria de Derechos Humanos, Paola Flores Jaramillo, junto a varias instituciones de Gobierno se reunieron con\u00a0 los miembros de la Junta Ejecutiva de ONU Mujeres, que \u00a0visitan a Ecuador del 23 al 29 de octubre. En esta cita la Secretaria socializ\u00f3 las acciones realizadas por el Gobierno Nacional para prevenir y erradicar la&hellip; <a href=\"https:\/\/www.ministeriodegobierno.gob.ec\/derechoshumanos\/2022\/10\/24\/cooperacion-internacional-para-prevenir-y-erradicar-la-violencia-de-genero-se-fortalece\/\">Read more &rarr;<\/a><\/p>\n","protected":false},"author":6,"featured_media":13857,"comment_status":"closed","ping_status":"closed","sticky":false,"template":"","format":"standard","meta":{"footnotes":""},"categories":[20,19,5],"tags":[36,46,35],"class_list":["post-13856","post","type-post","status-publish","format-standard","has-post-thumbnail","hentry","category-boletin-de-prensa","category-la-secretaria","category-noticias","tag-ddhh-ecuador","tag-erradicaccion-de-la-violencia-contra-las-mujeres","tag-mujeres","xfolkentry"],"_links":{"self":[{"href":"https:\/\/www.ministeriodegobierno.gob.ec\/derechoshumanos\/wp-json\/wp\/v2\/posts\/13856","targetHints":{"allow":["GET"]}}],"collection":[{"href":"https:\/\/www.ministeriodegobierno.gob.ec\/derechoshumanos\/wp-json\/wp\/v2\/posts"}],"about":[{"href":"https:\/\/www.ministeriodegobierno.gob.ec\/derechoshumanos\/wp-json\/wp\/v2\/types\/post"}],"author":[{"embeddable":true,"href":"https:\/\/www.ministeriodegobierno.gob.ec\/derechoshumanos\/wp-json\/wp\/v2\/users\/6"}],"replies":[{"embeddable":true,"href":"https:\/\/www.ministeriodegobierno.gob.ec\/derechoshumanos\/wp-json\/wp\/v2\/comments?post=13856"}],"version-history":[{"count":4,"href":"https:\/\/www.ministeriodegobierno.gob.ec\/derechoshumanos\/wp-json\/wp\/v2\/posts\/13856\/revisions"}],"predecessor-version":[{"id":13861,"href":"https:\/\/www.ministeriodegobierno.gob.ec\/derechoshumanos\/wp-json\/wp\/v2\/posts\/13856\/revisions\/13861"}],"wp:featuredmedia":[{"embeddable":true,"href":"https:\/\/www.ministeriodegobierno.gob.ec\/derechoshumanos\/wp-json\/wp\/v2\/media\/13857"}],"wp:attachment":[{"href":"https:\/\/www.ministeriodegobierno.gob.ec\/derechoshumanos\/wp-json\/wp\/v2\/media?parent=13856"}],"wp:term":[{"taxonomy":"category","embeddable":true,"href":"https:\/\/www.ministeriodegobierno.gob.ec\/derechoshumanos\/wp-json\/wp\/v2\/categories?post=13856"},{"taxonomy":"post_tag","embeddable":true,"href":"https:\/\/www.ministeriodegobierno.gob.ec\/derechoshumanos\/wp-json\/wp\/v2\/tags?post=13856"}],"curies":[{"name":"wp","href":"https:\/\/api.w.org\/{rel}","templated":true}]}}