{"id":13873,"date":"2022-10-25T16:45:24","date_gmt":"2022-10-25T21:45:24","guid":{"rendered":"https:\/\/www.derechoshumanos.gob.ec\/?p=13873"},"modified":"2022-10-25T16:45:24","modified_gmt":"2022-10-25T21:45:24","slug":"mesa-provincial-de-genero-y-diversidades-se-reactiva-en-loja","status":"publish","type":"post","link":"https:\/\/www.ministeriodegobierno.gob.ec\/derechoshumanos\/2022\/10\/25\/mesa-provincial-de-genero-y-diversidades-se-reactiva-en-loja\/","title":{"rendered":"Mesa Provincial\u00a0 de G\u00e9nero y Diversidades se reactiva en Loja"},"content":{"rendered":"<p><strong>Loja, 25 de octubre de 2022.- <\/strong>La Secretar\u00eda de Derechos Humanos y la Gobernaci\u00f3n de Loja lideraron la reactivaci\u00f3n de la Mesa Provincial\u00a0 de G\u00e9nero y Diversidades, conformada por instituciones p\u00fablicas y organizaciones de la sociedad civil, con la finalidad de trabajar articuladamente en\u00a0 los ejes establecidos en la Ley Org\u00e1nica Integral para Prevenir y Erradicar la Violencia contra las Mujeres adem\u00e1s del Plan Nacional 2020-2030. La actividad se desarroll\u00f3 en la sala de reuniones de la Gobernaci\u00f3n.<\/p>\n<p>El objetivo de esta mesa es determinar\u00a0 acuerdos y compromisos interinstitucionales para la creaci\u00f3n de\u00a0 programas y\u00a0 proyectos a corto y largo plazo en prevenci\u00f3n, atenci\u00f3n y restituci\u00f3n de Derechos a quienes han sido v\u00edctimas de violencia basada en g\u00e9nero.<\/p>\n<p>Sophia Cueva Mej\u00eda, coordinadora de la Oficina T\u00e9cnica, indic\u00f3: \u201creactivar la Mesa de G\u00e9nero y Diversidades ha sido un hecho emblem\u00e1tico para la provincia de Loja, sumando voluntades podemos lograr territorializar la pol\u00edtica p\u00fablica y trabajar no solo con entidades Gubernamentales sino tambi\u00e9n con organizaciones de la sociedad civil, lo cual nos permite sumar esfuerzos\u00a0 de manera integral y coordinada con el objetivo de prevenir y erradicar la violencia basada en g\u00e9nero\u201d.<\/p>\n<p>Por su parte, Juan Sarzosa, jefe pol\u00edtico de Loja, manifest\u00f3 que: \u00abel Gobierno del Encuentro, del presidente de la Rep\u00fablica, Guillermo Lasso, est\u00e1 enfocado en combatir toda forma de discriminaci\u00f3n y promover una vida libre de violencia, principalmente de aquellos que est\u00e1n en situaci\u00f3n de vulnerabilidad\u201d.<\/p>\n<p>La Mesa Provincial de G\u00e9nero y Diversidades se reunir\u00e1 cada mes con la finalidad de coordinar acciones para prevenir y erradicar la violencia contra las mujeres, ni\u00f1as, ni\u00f1os y adolescentes de Loja.<\/p>\n<p>&nbsp;<\/p>\n<p>&nbsp;<\/p>\n<p>&nbsp;<\/p>\n","protected":false},"excerpt":{"rendered":"<p class=\"excerpt\">Loja, 25 de octubre de 2022.- La Secretar\u00eda de Derechos Humanos y la Gobernaci\u00f3n de Loja lideraron la reactivaci\u00f3n de la Mesa Provincial\u00a0 de G\u00e9nero y Diversidades, conformada por instituciones p\u00fablicas y organizaciones de la sociedad civil, con la finalidad de trabajar articuladamente en\u00a0 los ejes establecidos en la Ley Org\u00e1nica Integral para Prevenir y Erradicar la Violencia contra las&hellip; <a href=\"https:\/\/www.ministeriodegobierno.gob.ec\/derechoshumanos\/2022\/10\/25\/mesa-provincial-de-genero-y-diversidades-se-reactiva-en-loja\/\">Read more &rarr;<\/a><\/p>\n","protected":false},"author":6,"featured_media":13874,"comment_status":"closed","ping_status":"closed","sticky":false,"template":"","format":"standard","meta":{"footnotes":""},"categories":[20,19,5],"tags":[52,46,51],"class_list":["post-13873","post","type-post","status-publish","format-standard","has-post-thumbnail","hentry","category-boletin-de-prensa","category-la-secretaria","category-noticias","tag-diversidades","tag-erradicaccion-de-la-violencia-contra-las-mujeres","tag-genero","xfolkentry"],"_links":{"self":[{"href":"https:\/\/www.ministeriodegobierno.gob.ec\/derechoshumanos\/wp-json\/wp\/v2\/posts\/13873","targetHints":{"allow":["GET"]}}],"collection":[{"href":"https:\/\/www.ministeriodegobierno.gob.ec\/derechoshumanos\/wp-json\/wp\/v2\/posts"}],"about":[{"href":"https:\/\/www.ministeriodegobierno.gob.ec\/derechoshumanos\/wp-json\/wp\/v2\/types\/post"}],"author":[{"embeddable":true,"href":"https:\/\/www.ministeriodegobierno.gob.ec\/derechoshumanos\/wp-json\/wp\/v2\/users\/6"}],"replies":[{"embeddable":true,"href":"https:\/\/www.ministeriodegobierno.gob.ec\/derechoshumanos\/wp-json\/wp\/v2\/comments?post=13873"}],"version-history":[{"count":1,"href":"https:\/\/www.ministeriodegobierno.gob.ec\/derechoshumanos\/wp-json\/wp\/v2\/posts\/13873\/revisions"}],"predecessor-version":[{"id":13875,"href":"https:\/\/www.ministeriodegobierno.gob.ec\/derechoshumanos\/wp-json\/wp\/v2\/posts\/13873\/revisions\/13875"}],"wp:featuredmedia":[{"embeddable":true,"href":"https:\/\/www.ministeriodegobierno.gob.ec\/derechoshumanos\/wp-json\/wp\/v2\/media\/13874"}],"wp:attachment":[{"href":"https:\/\/www.ministeriodegobierno.gob.ec\/derechoshumanos\/wp-json\/wp\/v2\/media?parent=13873"}],"wp:term":[{"taxonomy":"category","embeddable":true,"href":"https:\/\/www.ministeriodegobierno.gob.ec\/derechoshumanos\/wp-json\/wp\/v2\/categories?post=13873"},{"taxonomy":"post_tag","embeddable":true,"href":"https:\/\/www.ministeriodegobierno.gob.ec\/derechoshumanos\/wp-json\/wp\/v2\/tags?post=13873"}],"curies":[{"name":"wp","href":"https:\/\/api.w.org\/{rel}","templated":true}]}}