{"id":13877,"date":"2022-10-27T11:38:08","date_gmt":"2022-10-27T16:38:08","guid":{"rendered":"https:\/\/www.derechoshumanos.gob.ec\/?p=13877"},"modified":"2022-10-31T11:39:01","modified_gmt":"2022-10-31T16:39:01","slug":"plan-piloto-sobre-la-encuesta-de-condiciones-de-vida-de-la-poblacion-lgbti","status":"publish","type":"post","link":"https:\/\/www.ministeriodegobierno.gob.ec\/derechoshumanos\/2022\/10\/27\/plan-piloto-sobre-la-encuesta-de-condiciones-de-vida-de-la-poblacion-lgbti\/","title":{"rendered":"Plan piloto sobre la encuesta de condiciones de vida de la poblaci\u00f3n LGBTI+"},"content":{"rendered":"<p><strong>Quito, 27 de octubre de 2022.- <\/strong>\u00a0Con la finalidad de contar con datos oficiales sobre las personas LGBTI+ se realiz\u00f3 el plan piloto de la Encuesta de condiciones de vida de esta poblaci\u00f3n, en\u00a0 Quito y Guayaquil del 12 al 23 de octubre.<\/p>\n<p>200 personas fueron encuestadas con el prop\u00f3sito de obtener informaci\u00f3n que permita afinar la operaci\u00f3n estad\u00edstica de la encuesta de condiciones de vida que se implementar\u00e1 en 2023. La metodolog\u00eda propuesta para este proceso pertenece al modelo de muestreo impulsado por los encuestados, que permite referir a otras personas de la poblaci\u00f3n LGBTI+, adem\u00e1s de la vinculaci\u00f3n de encuestadores mediante una estrategia participativa de gesti\u00f3n y l\u00edneas de abordaje que articula a esta poblaci\u00f3n.<\/p>\n<p>El subsecretario de Diversidades, Alexander Guano Monteros, se\u00f1al\u00f3 que la Secretar\u00eda de Derechos Humanos y el Instituto Nacional de Estad\u00edstica y Censos (INEC) mantienen un convenio espec\u00edfico de cooperaci\u00f3n interinstitucional a trav\u00e9s del cual se realiza el levantamiento de informaci\u00f3n sobre la Poblaci\u00f3n LGBTI+ en este sentido se desarroll\u00f3 la Encuesta piloto de Condiciones de Vida de la Poblaci\u00f3n LGBTI+, \u201clas estad\u00edsticas oficiales son lo m\u00e1s cercano a una radiograf\u00eda de la realidad de la poblaci\u00f3n de un pa\u00eds\u201d, recalc\u00f3.<\/p>\n<p>Andr\u00e9s Alarc\u00f3n, una de las personas encuestadas e integrante de la Fundaci\u00f3n Alianza Igualitaria considera que la encuesta se desarroll\u00f3 con normalidad\u00a0 y dijo que: \u201ceste proceso es hist\u00f3rico, nos va a permitir reivindicarnos en la lucha por nuestros derechos y a partir de estas cifras y datos estad\u00edsticos oficiales, finalmente se convertir\u00e1 en nuestra voz y en el llamado a crear pol\u00edticas p\u00fablicas acorde a nuestra realidad\u201d.<\/p>\n<p>Por su parte Christian Matute S\u00e1nchez, director de Promoci\u00f3n y Monitoreo para la prevenci\u00f3n de las violencia hacia la Poblaci\u00f3n LGBTI+, se\u00f1al\u00f3 que este plan piloto se realiz\u00f3 en Quito y Guayaquil, \u201cen respuesta a los procesos hist\u00f3ricos de exigibilidad de derechos y el compromiso por mejorar las condiciones de vida de la Poblaci\u00f3n LGBTI+\u201d.<\/p>\n<p>Una de las prioridades de esta instituci\u00f3n es impulsar la promoci\u00f3n y protecci\u00f3n integral de derechos que visibilice a la poblaci\u00f3n LGBTI+ y aporte con datos a la planificaci\u00f3n y generaci\u00f3n de pol\u00edtica p\u00fablica y la toma de decisiones en su beneficio.<\/p>\n<p>Manifestamos nuestro compromiso, a trav\u00e9s de la Alianza por las Diversidades Sexo \u2013 Gen\u00e9ricas, para construir y fortalecer espacios y mecanismos de participaci\u00f3n, en especial con aquellos relacionados a los procesos estad\u00edsticos para el levantamiento de informaci\u00f3n sobre poblaci\u00f3n LGBTI+ y resultados del Censo Ecuador 2022.<\/p>\n","protected":false},"excerpt":{"rendered":"<p class=\"excerpt\">Quito, 27 de octubre de 2022.- \u00a0Con la finalidad de contar con datos oficiales sobre las personas LGBTI+ se realiz\u00f3 el plan piloto de la Encuesta de condiciones de vida de esta poblaci\u00f3n, en\u00a0 Quito y Guayaquil del 12 al 23 de octubre. 200 personas fueron encuestadas con el prop\u00f3sito de obtener informaci\u00f3n que permita afinar la operaci\u00f3n estad\u00edstica de&hellip; <a href=\"https:\/\/www.ministeriodegobierno.gob.ec\/derechoshumanos\/2022\/10\/27\/plan-piloto-sobre-la-encuesta-de-condiciones-de-vida-de-la-poblacion-lgbti\/\">Read more &rarr;<\/a><\/p>\n","protected":false},"author":6,"featured_media":13882,"comment_status":"closed","ping_status":"closed","sticky":false,"template":"","format":"standard","meta":{"footnotes":""},"categories":[20,19,5],"tags":[],"class_list":["post-13877","post","type-post","status-publish","format-standard","has-post-thumbnail","hentry","category-boletin-de-prensa","category-la-secretaria","category-noticias","xfolkentry"],"_links":{"self":[{"href":"https:\/\/www.ministeriodegobierno.gob.ec\/derechoshumanos\/wp-json\/wp\/v2\/posts\/13877","targetHints":{"allow":["GET"]}}],"collection":[{"href":"https:\/\/www.ministeriodegobierno.gob.ec\/derechoshumanos\/wp-json\/wp\/v2\/posts"}],"about":[{"href":"https:\/\/www.ministeriodegobierno.gob.ec\/derechoshumanos\/wp-json\/wp\/v2\/types\/post"}],"author":[{"embeddable":true,"href":"https:\/\/www.ministeriodegobierno.gob.ec\/derechoshumanos\/wp-json\/wp\/v2\/users\/6"}],"replies":[{"embeddable":true,"href":"https:\/\/www.ministeriodegobierno.gob.ec\/derechoshumanos\/wp-json\/wp\/v2\/comments?post=13877"}],"version-history":[{"count":1,"href":"https:\/\/www.ministeriodegobierno.gob.ec\/derechoshumanos\/wp-json\/wp\/v2\/posts\/13877\/revisions"}],"predecessor-version":[{"id":13883,"href":"https:\/\/www.ministeriodegobierno.gob.ec\/derechoshumanos\/wp-json\/wp\/v2\/posts\/13877\/revisions\/13883"}],"wp:featuredmedia":[{"embeddable":true,"href":"https:\/\/www.ministeriodegobierno.gob.ec\/derechoshumanos\/wp-json\/wp\/v2\/media\/13882"}],"wp:attachment":[{"href":"https:\/\/www.ministeriodegobierno.gob.ec\/derechoshumanos\/wp-json\/wp\/v2\/media?parent=13877"}],"wp:term":[{"taxonomy":"category","embeddable":true,"href":"https:\/\/www.ministeriodegobierno.gob.ec\/derechoshumanos\/wp-json\/wp\/v2\/categories?post=13877"},{"taxonomy":"post_tag","embeddable":true,"href":"https:\/\/www.ministeriodegobierno.gob.ec\/derechoshumanos\/wp-json\/wp\/v2\/tags?post=13877"}],"curies":[{"name":"wp","href":"https:\/\/api.w.org\/{rel}","templated":true}]}}