{"id":13878,"date":"2022-10-28T16:47:18","date_gmt":"2022-10-28T21:47:18","guid":{"rendered":"https:\/\/www.derechoshumanos.gob.ec\/?p=13878"},"modified":"2022-10-31T15:46:33","modified_gmt":"2022-10-31T20:46:33","slug":"sdh-se-vincula-con-la-universidad-de-cuenca","status":"publish","type":"post","link":"https:\/\/www.ministeriodegobierno.gob.ec\/derechoshumanos\/2022\/10\/28\/sdh-se-vincula-con-la-universidad-de-cuenca\/","title":{"rendered":"Secretar\u00eda de Derechos Humanos se vincula con la Universidad del Azuay para fortalecer formaci\u00f3n en derechos"},"content":{"rendered":"<p><strong>Cuenca, 28 de octubre de 2022.-<\/strong> La secretaria de Derechos Humanos, Paola Flores Jaramillo, firm\u00f3 un convenio de cooperaci\u00f3n con la Universidad del Azuay con el objetivo de unir esfuerzos para coordinar, cooperar y articular acciones conjuntas para establecer las bases y realizar actividades orientadas a garantizar el pleno ejercicio, la observancia y cumplimiento de los Derechos Humanos.<\/p>\n<p>En este marco, la Secretaria Flores agradeci\u00f3 la apertura de la Universidad del Azuay y se\u00f1al\u00f3 que es imprescindible generar lazos entre el Estado y la Academia para construir procesos de formaci\u00f3n en derechos humanos para los estudiantes, los servidores p\u00fablicos y la sociedad en general:<\/p>\n<p>\u201cLa firma de este convenio es el inicio para la construcci\u00f3n de una Escuela de Derechos Humanos. Este sue\u00f1o finalmente se materializa gracias a la colaboraci\u00f3n de esta querida Universidad\u201d, expres\u00f3 la Secretaria de Derechos Humanos.<\/p>\n<p>Gracias a este convenio, se promover\u00e1n actividades conjuntas para la ejecuci\u00f3n de todas las iniciativas, acciones y eventos que permitan desde el \u00e1mbito de la educaci\u00f3n superior impulsar la investigaci\u00f3n, formaci\u00f3n y promoci\u00f3n de los derechos humanos; y, la realizaci\u00f3n de programas de empoderamiento econ\u00f3mico para mujeres v\u00edctimas de violencia, orientadas a garantizar el pleno ejercicio, la observancia y cumplimiento de los Derechos Humanos.<\/p>\n","protected":false},"excerpt":{"rendered":"<p class=\"excerpt\">Cuenca, 28 de octubre de 2022.- La secretaria de Derechos Humanos, Paola Flores Jaramillo, firm\u00f3 un convenio de cooperaci\u00f3n con la Universidad del Azuay con el objetivo de unir esfuerzos para coordinar, cooperar y articular acciones conjuntas para establecer las bases y realizar actividades orientadas a garantizar el pleno ejercicio, la observancia y cumplimiento de los Derechos Humanos. En este&hellip; <a href=\"https:\/\/www.ministeriodegobierno.gob.ec\/derechoshumanos\/2022\/10\/28\/sdh-se-vincula-con-la-universidad-de-cuenca\/\">Read more &rarr;<\/a><\/p>\n","protected":false},"author":10,"featured_media":13879,"comment_status":"closed","ping_status":"closed","sticky":false,"template":"","format":"standard","meta":{"footnotes":""},"categories":[5,6],"tags":[53,28,36,30],"class_list":["post-13878","post","type-post","status-publish","format-standard","has-post-thumbnail","hentry","category-noticias","category-noticias-destacadas","tag-cuenca","tag-ddhh","tag-ddhh-ecuador","tag-sdh","xfolkentry"],"_links":{"self":[{"href":"https:\/\/www.ministeriodegobierno.gob.ec\/derechoshumanos\/wp-json\/wp\/v2\/posts\/13878","targetHints":{"allow":["GET"]}}],"collection":[{"href":"https:\/\/www.ministeriodegobierno.gob.ec\/derechoshumanos\/wp-json\/wp\/v2\/posts"}],"about":[{"href":"https:\/\/www.ministeriodegobierno.gob.ec\/derechoshumanos\/wp-json\/wp\/v2\/types\/post"}],"author":[{"embeddable":true,"href":"https:\/\/www.ministeriodegobierno.gob.ec\/derechoshumanos\/wp-json\/wp\/v2\/users\/10"}],"replies":[{"embeddable":true,"href":"https:\/\/www.ministeriodegobierno.gob.ec\/derechoshumanos\/wp-json\/wp\/v2\/comments?post=13878"}],"version-history":[{"count":2,"href":"https:\/\/www.ministeriodegobierno.gob.ec\/derechoshumanos\/wp-json\/wp\/v2\/posts\/13878\/revisions"}],"predecessor-version":[{"id":13887,"href":"https:\/\/www.ministeriodegobierno.gob.ec\/derechoshumanos\/wp-json\/wp\/v2\/posts\/13878\/revisions\/13887"}],"wp:featuredmedia":[{"embeddable":true,"href":"https:\/\/www.ministeriodegobierno.gob.ec\/derechoshumanos\/wp-json\/wp\/v2\/media\/13879"}],"wp:attachment":[{"href":"https:\/\/www.ministeriodegobierno.gob.ec\/derechoshumanos\/wp-json\/wp\/v2\/media?parent=13878"}],"wp:term":[{"taxonomy":"category","embeddable":true,"href":"https:\/\/www.ministeriodegobierno.gob.ec\/derechoshumanos\/wp-json\/wp\/v2\/categories?post=13878"},{"taxonomy":"post_tag","embeddable":true,"href":"https:\/\/www.ministeriodegobierno.gob.ec\/derechoshumanos\/wp-json\/wp\/v2\/tags?post=13878"}],"curies":[{"name":"wp","href":"https:\/\/api.w.org\/{rel}","templated":true}]}}