{"id":13888,"date":"2022-11-07T10:56:16","date_gmt":"2022-11-07T15:56:16","guid":{"rendered":"https:\/\/www.derechoshumanos.gob.ec\/?p=13888"},"modified":"2022-11-07T10:56:16","modified_gmt":"2022-11-07T15:56:16","slug":"ecuador-presento-informe-en-el-cuarto-examen-periodico-universal-del-consejo-de-derechos-humanos-de-naciones-unidas","status":"publish","type":"post","link":"https:\/\/www.ministeriodegobierno.gob.ec\/derechoshumanos\/2022\/11\/07\/ecuador-presento-informe-en-el-cuarto-examen-periodico-universal-del-consejo-de-derechos-humanos-de-naciones-unidas\/","title":{"rendered":"Ecuador present\u00f3 informe en el Cuarto Examen Peri\u00f3dico Universal del Consejo de Derechos Humanos de Naciones Unidas"},"content":{"rendered":"<p><strong>Ginebra, 7 de noviembre de 2022.-<\/strong> La secretaria de Derechos Humanos, Paola Flores Jaramillo, particip\u00f3 el 7 de noviembre de 2022 en la sesi\u00f3n del Cuarto Examen Peri\u00f3dico Universal del Ecuador, en el marco del Consejo de Derechos Humanos de Naciones Unidas que se desarrolla en Ginebra.<\/p>\n<p>La actividad cont\u00f3, adem\u00e1s, con la participaci\u00f3n del minsitro de Relaciones Exteriores y Movilidad Humana, Juan Carlos Holgu\u00edn,\u00a0 la ministra de Educaci\u00f3n, Mar\u00eda Brown, el ministro de Gobierno, Francisco Jim\u00e9nez, y la secretaria de Pueblos y Nacionalidades, Gretty Vargas.<\/p>\n<p>En este marco la secretaria Flores detall\u00f3 el trabajo que realiza el Ecuador para combatir la violencia de g\u00e9nero de manera eficaz y en todo el territorio y se\u00f1al\u00f3 que estamos implementando la Ley Org\u00e1nica de Prevenci\u00f3n y Erradicaci\u00f3n de la Violencia contra la Mujer. La Secretar\u00eda de Derechos Humanos en conjunto con 22 instituciones estatales que conforman el Sistema Nacional Integral para Prevenir y Erradicar la Violencia.<\/p>\n<p>Adem\u00e1s, recalc\u00f3 que contamos con el Plan Nacional para la Prevenci\u00f3n y Erradicaci\u00f3n de la Violencia contra las Mujeres 2020-2030 que contiene componentes de prevenci\u00f3n, sensibilizaci\u00f3n e incidencia. Trabajamos en generar el Registro \u00danico de Violencia que constituye una herramienta tecnol\u00f3gica, que permitir\u00e1 contar con datos para retroalimentaci\u00f3n permanente, georreferenciada, interinstitucional y oficial, sobre violencia contra las mujeres, para implementar las pol\u00edticas p\u00fablicas en territorio y prevenir actos de violencia, salvando vidas.<\/p>\n<p>La secretaria de Derechos Humanos explic\u00f3 que en el Ecuador existen 45 oficinas del Servicio de Protecci\u00f3n Integral, as\u00ed como 4 casas de acogida y 17 Centros de Atenci\u00f3n Integral para las v\u00edctimas y sus hijos que permiten brindar atenci\u00f3n psicol\u00f3gica, asesor\u00eda legal y de trabajo social a v\u00edctimas de violencia de g\u00e9nero.<\/p>\n<p>Durante su intervenci\u00f3n, se refiri\u00f3 tambi\u00e9n al trabajo que se realiza en materia de Rehabilitaci\u00f3n Social. En este marco, inform\u00f3\u00a0 que se ha reforzado el Directorio del Organismo T\u00e9cnico del Sistema Nacional de Rehabilitaci\u00f3n Social: \u201cEl gobierno ecuatoriano ha ratificado su compromiso con el respeto, la protecci\u00f3n, la garant\u00eda y la promoci\u00f3n de los Derechos Humanos de las personas privadas de la libertad, mediante la construcci\u00f3n y aprobaci\u00f3n de la Pol\u00edtica P\u00fablica de Rehabilitaci\u00f3n Social 2022-2025, que tiene el fin proveer una atenci\u00f3n integral a las personas privadas de libertad y a los adolescentes en conflicto con la ley penal en respeto a los est\u00e1ndares, normativa y principales instrumentos internacionales en materia de derechos humanos\u201d.<\/p>\n<p>Explic\u00f3 que el gobierno ecuatoriano se encuentra desarrollando el primer Censo Penitenciario Nacional que nos permitir\u00e1 tener data sociodemogr\u00e1fica para continuar tomando decisiones en favor de las personas privadas de la libertad.<\/p>\n<p>La Secretaria indic\u00f3 que el Ecuador se ha sumado a m\u00e1s de 60 pa\u00edses en el mundo que han creado una instituci\u00f3n encargada de construir e implementar una pol\u00edtica p\u00fablica para la poblaci\u00f3n LGBTI+.<\/p>\n<p>En este marco, se aprob\u00f3 la primera herramienta \u00a0para la construcci\u00f3n de pol\u00edtica p\u00fablica, el Plan de Acci\u00f3n de Diversidades 2022- 2025, documento creado entre el Estado, m\u00e1s de 117 activistas y representantes de las organizaciones de la sociedad civil que fomentaron 144 acciones en beneficio de la poblaci\u00f3n LGBTI+ y que se impulsan a trav\u00e9s de 4 ejes: a) Prevenci\u00f3n de la Violencia y Discriminaci\u00f3n; b) Garant\u00eda del Derecho a bienes y servicios inclusivos; c) Exigibilidad, Promoci\u00f3n de la Restituci\u00f3n de Derechos; d) Fortalecimiento de capacidades institucionales.<\/p>\n<p>En cuanto a los derechos de las personas defensoras de derechos humanos y la naturaleza, indic\u00f3 que el Ecuador actualmente cuenta con la Mesa Interinstitucional para la construcci\u00f3n de la pol\u00edtica p\u00fablica para la protecci\u00f3n y promoci\u00f3n de personas defensoras de derechos humanos y la naturaleza, coliderada por la Defensor\u00eda del Pueblo y la Secretar\u00eda de Derechos Humanos.<\/p>\n<p>Finalmente, se refiri\u00f3 a los avances logrados en el Ecuador al plantear que el Estado Plurinacional y la Sociedad Intercultural, son el reconocimiento de la diversidad \u00e9tnico cultural del pa\u00eds expresada en la existencia de catorce nacionalidades y expres\u00f3 que actualmente se impulsa la Escuela de Formaci\u00f3n de Lideresas \u201cMujeres desde sus propias voces\u201d, con la finalidad de fomentar la participaci\u00f3n activa de mujeres de movimientos y organizaciones sociales de nacionalidades, pueblos y zonas rurales, en espacios de toma de decisiones, para generar pol\u00edticas, programas y proyectos encaminados a la eliminaci\u00f3n de la discriminaci\u00f3n, prevenci\u00f3n y erradicaci\u00f3n de la violencia pol\u00edtica, y el posicionamiento en espacios de toma de decisiones a nivel local, regional y nacional.<\/p>\n<p>&nbsp;<\/p>\n<p>&nbsp;<\/p>\n<p>&nbsp;<\/p>\n<p>&nbsp;<\/p>\n<p>&nbsp;<\/p>\n<p>&nbsp;<\/p>\n<p>&nbsp;<\/p>\n<p>&nbsp;<\/p>\n<p>&nbsp;<\/p>\n<p>&nbsp;<\/p>\n","protected":false},"excerpt":{"rendered":"<p class=\"excerpt\">Ginebra, 7 de noviembre de 2022.- La secretaria de Derechos Humanos, Paola Flores Jaramillo, particip\u00f3 el 7 de noviembre de 2022 en la sesi\u00f3n del Cuarto Examen Peri\u00f3dico Universal del Ecuador, en el marco del Consejo de Derechos Humanos de Naciones Unidas que se desarrolla en Ginebra. La actividad cont\u00f3, adem\u00e1s, con la participaci\u00f3n del minsitro de Relaciones Exteriores y&hellip; <a href=\"https:\/\/www.ministeriodegobierno.gob.ec\/derechoshumanos\/2022\/11\/07\/ecuador-presento-informe-en-el-cuarto-examen-periodico-universal-del-consejo-de-derechos-humanos-de-naciones-unidas\/\">Read more &rarr;<\/a><\/p>\n","protected":false},"author":6,"featured_media":13889,"comment_status":"closed","ping_status":"closed","sticky":false,"template":"","format":"standard","meta":{"footnotes":""},"categories":[20,19,5],"tags":[36,29,37,35],"class_list":["post-13888","post","type-post","status-publish","format-standard","has-post-thumbnail","hentry","category-boletin-de-prensa","category-la-secretaria","category-noticias","tag-ddhh-ecuador","tag-ecuador","tag-lgbti","tag-mujeres","xfolkentry"],"_links":{"self":[{"href":"https:\/\/www.ministeriodegobierno.gob.ec\/derechoshumanos\/wp-json\/wp\/v2\/posts\/13888","targetHints":{"allow":["GET"]}}],"collection":[{"href":"https:\/\/www.ministeriodegobierno.gob.ec\/derechoshumanos\/wp-json\/wp\/v2\/posts"}],"about":[{"href":"https:\/\/www.ministeriodegobierno.gob.ec\/derechoshumanos\/wp-json\/wp\/v2\/types\/post"}],"author":[{"embeddable":true,"href":"https:\/\/www.ministeriodegobierno.gob.ec\/derechoshumanos\/wp-json\/wp\/v2\/users\/6"}],"replies":[{"embeddable":true,"href":"https:\/\/www.ministeriodegobierno.gob.ec\/derechoshumanos\/wp-json\/wp\/v2\/comments?post=13888"}],"version-history":[{"count":1,"href":"https:\/\/www.ministeriodegobierno.gob.ec\/derechoshumanos\/wp-json\/wp\/v2\/posts\/13888\/revisions"}],"predecessor-version":[{"id":13890,"href":"https:\/\/www.ministeriodegobierno.gob.ec\/derechoshumanos\/wp-json\/wp\/v2\/posts\/13888\/revisions\/13890"}],"wp:featuredmedia":[{"embeddable":true,"href":"https:\/\/www.ministeriodegobierno.gob.ec\/derechoshumanos\/wp-json\/wp\/v2\/media\/13889"}],"wp:attachment":[{"href":"https:\/\/www.ministeriodegobierno.gob.ec\/derechoshumanos\/wp-json\/wp\/v2\/media?parent=13888"}],"wp:term":[{"taxonomy":"category","embeddable":true,"href":"https:\/\/www.ministeriodegobierno.gob.ec\/derechoshumanos\/wp-json\/wp\/v2\/categories?post=13888"},{"taxonomy":"post_tag","embeddable":true,"href":"https:\/\/www.ministeriodegobierno.gob.ec\/derechoshumanos\/wp-json\/wp\/v2\/tags?post=13888"}],"curies":[{"name":"wp","href":"https:\/\/api.w.org\/{rel}","templated":true}]}}