{"id":13893,"date":"2022-11-02T11:49:56","date_gmt":"2022-11-02T16:49:56","guid":{"rendered":"https:\/\/www.derechoshumanos.gob.ec\/?p=13893"},"modified":"2022-11-07T11:52:20","modified_gmt":"2022-11-07T16:52:20","slug":"secretaria-de-derechos-humanos-y-defensoria-del-pueblo-trabajan-juntos-por-los-derechos-de-la-poblacion-lgbti","status":"publish","type":"post","link":"https:\/\/www.ministeriodegobierno.gob.ec\/derechoshumanos\/2022\/11\/02\/secretaria-de-derechos-humanos-y-defensoria-del-pueblo-trabajan-juntos-por-los-derechos-de-la-poblacion-lgbti\/","title":{"rendered":"Secretar\u00eda de Derechos Humanos y Defensor\u00eda del Pueblo trabajan juntos por los derechos de la poblaci\u00f3n LGBTI+"},"content":{"rendered":"<p><strong>Quito, 2 de noviembre de 2022.- <\/strong>Con la finalidad promover la cooperaci\u00f3n interinstitucional t\u00e9cnica para el fortalecimiento y ejecuci\u00f3n de acciones y gestiones conjuntas para el ejercicio de los derechos humanos de la poblaci\u00f3n LGBTI+ la secretaria de Derechos Humanos, Paola Flores Jaramillo y el defensor del Pueblo (e) C\u00e9sar C\u00f3rdova suscribieron un convenio.<\/p>\n<p>Al\u00a0 respecto la Secretaria resalt\u00f3 el trabajo de la Subsecretar\u00eda de Diversidades y se\u00f1al\u00f3: \u201cconstruimos una pol\u00edtica integral que contempla la promoci\u00f3n de los derechos fundamentales tales como la educaci\u00f3n, salud; y el acceso a la justicia de la poblaci\u00f3n genero diversa\u201d.<\/p>\n<p>Por su parte del Defensor del Pueblo manifest\u00f3 su apertura para el trabajo conjunto para dar cumplimiento a la tutela efectiva de los derechos de la poblaci\u00f3n LGBTI+, dando cumplimiento con la Ley.<\/p>\n<p>Este convenio contempla desarrollar contenidos de Derechos Humanos y promover procesos de formaci\u00f3n de servidoras y servidores tanto de la Secretar\u00eda de Derechos Humanos como de la Defensor\u00eda del Pueblo, servidores p\u00fablicos y sociedad civil, con enfoque de g\u00e9nero y diversidad sexo-gen\u00e9rica, que aporten a la transformaci\u00f3n de la cultura de violencia basada en g\u00e9nero y garanticen el pleno ejercicio de los derechos humanos de la poblaci\u00f3n LGBTI+.<\/p>\n<p>El subsecretario de Diversidades, Alexander Guano, indic\u00f3 que entre las l\u00edneas de acci\u00f3n se propone la incidencia de la generaci\u00f3n de pol\u00edticas p\u00fablicas para prevenir y erradicar la violencia y discriminaci\u00f3n a la poblaci\u00f3n LGBTI+, mejorando la articulaci\u00f3n interinstitucional y as\u00ed dar una respuesta efectiva hacia las necesidades de esta poblaci\u00f3n.<\/p>\n<p>As\u00ed como realizar gestiones conjuntas que aporten a la atenci\u00f3n integral de v\u00edctimas de violencia basada en g\u00e9nero y diversidad sexo-gen\u00e9rica; desarrollar mesas de trabajo para la recolecci\u00f3n de insumos para promover la creaci\u00f3n de proyectos de ley espec\u00edficos, de acuerdo con las necesidades institucionales, entre otras.<\/p>\n<p>Fortalecemos nuestras acciones con la cooperaci\u00f3n interinstitucional desarrollando acciones estatales contundentes que demuestran el inter\u00e9s por dar respuesta a las demandas de la poblaci\u00f3n LGBTI+ frente a las diversidades sexo gen\u00e9ricas.<\/p>\n","protected":false},"excerpt":{"rendered":"<p class=\"excerpt\">Quito, 2 de noviembre de 2022.- Con la finalidad promover la cooperaci\u00f3n interinstitucional t\u00e9cnica para el fortalecimiento y ejecuci\u00f3n de acciones y gestiones conjuntas para el ejercicio de los derechos humanos de la poblaci\u00f3n LGBTI+ la secretaria de Derechos Humanos, Paola Flores Jaramillo y el defensor del Pueblo (e) C\u00e9sar C\u00f3rdova suscribieron un convenio. Al\u00a0 respecto la Secretaria resalt\u00f3 el&hellip; <a href=\"https:\/\/www.ministeriodegobierno.gob.ec\/derechoshumanos\/2022\/11\/02\/secretaria-de-derechos-humanos-y-defensoria-del-pueblo-trabajan-juntos-por-los-derechos-de-la-poblacion-lgbti\/\">Read more &rarr;<\/a><\/p>\n","protected":false},"author":6,"featured_media":13894,"comment_status":"closed","ping_status":"closed","sticky":false,"template":"","format":"standard","meta":{"footnotes":""},"categories":[20,5,6],"tags":[36,37],"class_list":["post-13893","post","type-post","status-publish","format-standard","has-post-thumbnail","hentry","category-boletin-de-prensa","category-noticias","category-noticias-destacadas","tag-ddhh-ecuador","tag-lgbti","xfolkentry"],"_links":{"self":[{"href":"https:\/\/www.ministeriodegobierno.gob.ec\/derechoshumanos\/wp-json\/wp\/v2\/posts\/13893","targetHints":{"allow":["GET"]}}],"collection":[{"href":"https:\/\/www.ministeriodegobierno.gob.ec\/derechoshumanos\/wp-json\/wp\/v2\/posts"}],"about":[{"href":"https:\/\/www.ministeriodegobierno.gob.ec\/derechoshumanos\/wp-json\/wp\/v2\/types\/post"}],"author":[{"embeddable":true,"href":"https:\/\/www.ministeriodegobierno.gob.ec\/derechoshumanos\/wp-json\/wp\/v2\/users\/6"}],"replies":[{"embeddable":true,"href":"https:\/\/www.ministeriodegobierno.gob.ec\/derechoshumanos\/wp-json\/wp\/v2\/comments?post=13893"}],"version-history":[{"count":1,"href":"https:\/\/www.ministeriodegobierno.gob.ec\/derechoshumanos\/wp-json\/wp\/v2\/posts\/13893\/revisions"}],"predecessor-version":[{"id":13895,"href":"https:\/\/www.ministeriodegobierno.gob.ec\/derechoshumanos\/wp-json\/wp\/v2\/posts\/13893\/revisions\/13895"}],"wp:featuredmedia":[{"embeddable":true,"href":"https:\/\/www.ministeriodegobierno.gob.ec\/derechoshumanos\/wp-json\/wp\/v2\/media\/13894"}],"wp:attachment":[{"href":"https:\/\/www.ministeriodegobierno.gob.ec\/derechoshumanos\/wp-json\/wp\/v2\/media?parent=13893"}],"wp:term":[{"taxonomy":"category","embeddable":true,"href":"https:\/\/www.ministeriodegobierno.gob.ec\/derechoshumanos\/wp-json\/wp\/v2\/categories?post=13893"},{"taxonomy":"post_tag","embeddable":true,"href":"https:\/\/www.ministeriodegobierno.gob.ec\/derechoshumanos\/wp-json\/wp\/v2\/tags?post=13893"}],"curies":[{"name":"wp","href":"https:\/\/api.w.org\/{rel}","templated":true}]}}