{"id":14030,"date":"2022-11-10T14:21:50","date_gmt":"2022-11-10T19:21:50","guid":{"rendered":"https:\/\/www.derechoshumanos.gob.ec\/?p=14030"},"modified":"2022-11-10T14:21:50","modified_gmt":"2022-11-10T19:21:50","slug":"mesas-de-dialogo-para-fortalecer-prevenir-y-erradicar-la-violencia-de-genero-se-desarrollaron-en-provincias-del-sur-del-pais","status":"publish","type":"post","link":"https:\/\/www.ministeriodegobierno.gob.ec\/derechoshumanos\/2022\/11\/10\/mesas-de-dialogo-para-fortalecer-prevenir-y-erradicar-la-violencia-de-genero-se-desarrollaron-en-provincias-del-sur-del-pais\/","title":{"rendered":"Mesas de Di\u00e1logo para fortalecer, prevenir y erradicar la Violencia de G\u00e9nero se desarrollaron en provincias del sur del pa\u00eds"},"content":{"rendered":"<p>&nbsp;<\/p>\n<p><strong>Loja, 10 de noviembre de 2022.-<\/strong> Con la finalidad de construir estrategias y propuestas con una mirada colectiva, la Secretar\u00eda de Derechos Humanos junto al Ministerio de Gobierno lider\u00e1n las Mesas de Di\u00e1logo con Mujeres en las 24 provincias del pa\u00eds.<\/p>\n<p>En la Zona 7, conformada por las provincias de Loja, El Oro y Zamora Chinchipe, se cumpli\u00f3 este compromiso del presidente de la Rep\u00fablica, Guillermo Lasso, con el objetivo de generar acciones concretas mediante el di\u00e1logo con organizaciones sociales de mujeres, sociedad civil, \u00a0zona rural,\u00a0 pueblos y nacionalidades y de la academia que permitan prevenir y erradicar la violencia de g\u00e9nero.<\/p>\n<p>Estas mesas de di\u00e1logo se desarrollaron \u00a0los d\u00edas\u00a0 7, 8 y 9 de noviembre\u00a0de 2022 en Machala, Loja y Zamora, respectivamente. Se trabaj\u00f3 en los ejes de prevenci\u00f3n, atenci\u00f3n, protecci\u00f3n y reparaci\u00f3n y en las distintas problem\u00e1ticas de cada territorio espec\u00edficamente en salud, educaci\u00f3n, desnutrici\u00f3n cr\u00f3nica infantil, movilidad humana y violencia de g\u00e9nero. Los aportes servir\u00e1n para el fortalecimiento de la pol\u00edtica p\u00fablica.<\/p>\n<p>La actividad gener\u00f3 un espacio participativo, contando en la ciudad de Machala con la participaci\u00f3n de \u00a065 personas; en la ciudad de Loja 21 personas y en Zamora, 24 personas.<\/p>\n<p>Sophia Cueva Mej\u00eda, coordinadora de la Oficina T\u00e9cnica 7, recalc\u00f3 que: \u00a0\u201cDesde la Secretar\u00eda de Derechos Humanos, en Zona 7 se consolida el compromiso que tiene el se\u00f1or presidente, Guillermo Lasso y la secretaria de Derechos Humanos, Paola Flores, en generar acciones concretas y fortalecidas mediante el di\u00e1logo con organizaciones sociales de mujeres; hemos culminado con \u00e9xito las tres mesas de Di\u00e1logo, escuchando cada una de las voces de nuestras mujeres en territorio.<\/p>\n<p>&nbsp;<\/p>\n<p><strong>\u00a0<\/strong><\/p>\n","protected":false},"excerpt":{"rendered":"<p class=\"excerpt\">Con la finalidad de construir estrategias y propuestas con una mirada colectiva, la Secretar\u00eda de Derechos Humanos junto al Ministerio de Gobierno lider\u00e1n las Mesas de Di\u00e1logo con Mujeres en las 24 provincias del pa\u00eds. <a href=\"https:\/\/www.ministeriodegobierno.gob.ec\/derechoshumanos\/2022\/11\/10\/mesas-de-dialogo-para-fortalecer-prevenir-y-erradicar-la-violencia-de-genero-se-desarrollaron-en-provincias-del-sur-del-pais\/\">Read more &rarr;<\/a><\/p>\n","protected":false},"author":6,"featured_media":14031,"comment_status":"closed","ping_status":"closed","sticky":false,"template":"","format":"standard","meta":{"footnotes":""},"categories":[20,5,6],"tags":[36,46,35],"class_list":["post-14030","post","type-post","status-publish","format-standard","has-post-thumbnail","hentry","category-boletin-de-prensa","category-noticias","category-noticias-destacadas","tag-ddhh-ecuador","tag-erradicaccion-de-la-violencia-contra-las-mujeres","tag-mujeres","xfolkentry"],"_links":{"self":[{"href":"https:\/\/www.ministeriodegobierno.gob.ec\/derechoshumanos\/wp-json\/wp\/v2\/posts\/14030","targetHints":{"allow":["GET"]}}],"collection":[{"href":"https:\/\/www.ministeriodegobierno.gob.ec\/derechoshumanos\/wp-json\/wp\/v2\/posts"}],"about":[{"href":"https:\/\/www.ministeriodegobierno.gob.ec\/derechoshumanos\/wp-json\/wp\/v2\/types\/post"}],"author":[{"embeddable":true,"href":"https:\/\/www.ministeriodegobierno.gob.ec\/derechoshumanos\/wp-json\/wp\/v2\/users\/6"}],"replies":[{"embeddable":true,"href":"https:\/\/www.ministeriodegobierno.gob.ec\/derechoshumanos\/wp-json\/wp\/v2\/comments?post=14030"}],"version-history":[{"count":1,"href":"https:\/\/www.ministeriodegobierno.gob.ec\/derechoshumanos\/wp-json\/wp\/v2\/posts\/14030\/revisions"}],"predecessor-version":[{"id":14032,"href":"https:\/\/www.ministeriodegobierno.gob.ec\/derechoshumanos\/wp-json\/wp\/v2\/posts\/14030\/revisions\/14032"}],"wp:featuredmedia":[{"embeddable":true,"href":"https:\/\/www.ministeriodegobierno.gob.ec\/derechoshumanos\/wp-json\/wp\/v2\/media\/14031"}],"wp:attachment":[{"href":"https:\/\/www.ministeriodegobierno.gob.ec\/derechoshumanos\/wp-json\/wp\/v2\/media?parent=14030"}],"wp:term":[{"taxonomy":"category","embeddable":true,"href":"https:\/\/www.ministeriodegobierno.gob.ec\/derechoshumanos\/wp-json\/wp\/v2\/categories?post=14030"},{"taxonomy":"post_tag","embeddable":true,"href":"https:\/\/www.ministeriodegobierno.gob.ec\/derechoshumanos\/wp-json\/wp\/v2\/tags?post=14030"}],"curies":[{"name":"wp","href":"https:\/\/api.w.org\/{rel}","templated":true}]}}