{"id":14036,"date":"2022-11-11T11:49:10","date_gmt":"2022-11-11T16:49:10","guid":{"rendered":"https:\/\/www.derechoshumanos.gob.ec\/?p=14036"},"modified":"2022-11-11T12:08:35","modified_gmt":"2022-11-11T17:08:35","slug":"mesas-de-dialogo-para-prevenir-y-erradicar-la-violencia-de-genero-de-desarrollaron-en-frontera-norte","status":"publish","type":"post","link":"https:\/\/www.ministeriodegobierno.gob.ec\/derechoshumanos\/2022\/11\/11\/mesas-de-dialogo-para-prevenir-y-erradicar-la-violencia-de-genero-de-desarrollaron-en-frontera-norte\/","title":{"rendered":"Mesas de di\u00e1logo para prevenir\u00a0 y erradicar la violencia de g\u00e9nero se desarrollaron en frontera norte"},"content":{"rendered":"<p><strong>Ibarra, 11 de noviembre e 2022.- <\/strong>Cumpliendo con el compromiso del presidente de la Rep\u00fablica, Guillermo Lasso Mendoza, para generar acciones concretaras y fortalecidas para prevenir y erradicar la violencia de g\u00e9nero se desarrollaron 4 mesas de di\u00e1logo con mujeres en frontera norte.<\/p>\n<p>En conjunto con el Ministerio de Gobierno, representante del ejecutivo a trav\u00e9s de las gobernaciones de Esmeraldas, Sucumb\u00edos, Imbabura y Carchi y la Secretar\u00eda de Derechos Humanos, como ente rector del Sistema Nacional Integral para Prevenir y Erradicar la Violencia contra las Mujeres, desarrollamos estos espacios los d\u00edas 21, 25, 26 de octubre y\u00a0 8 de noviembre de 2022.<\/p>\n<p>Con la participaci\u00f3n de las mujeres y las instituciones del Estado, se actualiz\u00f3 el diagn\u00f3stico sobre la situaci\u00f3n de \u00a0las mujeres en cada provincia, en sus diferentes \u00e1mbitos de vida. Adem\u00e1s, se convers\u00f3, reflexion\u00f3 y se propuso l\u00edneas de acci\u00f3n que contribuyan para la prevenci\u00f3n y erradicaci\u00f3n de violencia contra las mujeres y se construyeron hojas de ruta enfocadas en el fortalecimiento de los ejes de prevenci\u00f3n, atenci\u00f3n, protecci\u00f3n y reparaci\u00f3n.<\/p>\n<p>La actividad gener\u00f3 un espacio participativo, contando en la ciudad de Esmeraldas con 100 personas; en Lago Agrio 60, en Andrade Mar\u00edn (Imbabura) 70 y \u00a0en San Gabriel (Carchi) 110.<\/p>\n<p>Con estas mesas de trabajo, se pretende fortalecer el Sistema Nacional Integral para Prevenir y Erradicar la Violencia contra las Mujeres a trav\u00e9s de la implementaci\u00f3n de pol\u00edticas p\u00fablicas construidas de manera participativa.<\/p>\n<p>Carlos Espinoza Torres, coordinador de la Zona 1, recalc\u00f3: \u201cdesde la Secretar\u00eda de Derechos Humanos, en la Zona 1 se consolida el compromiso que tiene el se\u00f1or Presidente Guillermo Lasso y la Secretar\u00eda de Derechos Humanos Paola Flores en generar acciones concretas y fortalecidas mediante el di\u00e1logo con Organizaciones Sociales de Mujeres; hemos culminado con \u00e9xito las 4 mesas de Di\u00e1logo siendo estas las pioneras a nivel nacional, escuchando cada una de las voces de nuestras mujeres en territorio\u201d.<\/p>\n","protected":false},"excerpt":{"rendered":"<p class=\"excerpt\">Ibarra, 11 de noviembre e 2022.- Cumpliendo con el compromiso del presidente de la Rep\u00fablica, Guillermo Lasso Mendoza, para generar acciones concretaras y fortalecidas para prevenir y erradicar la violencia de g\u00e9nero se desarrollaron 4 mesas de di\u00e1logo con mujeres en frontera norte. En conjunto con el Ministerio de Gobierno, representante del ejecutivo a trav\u00e9s de las gobernaciones de Esmeraldas,&hellip; <a href=\"https:\/\/www.ministeriodegobierno.gob.ec\/derechoshumanos\/2022\/11\/11\/mesas-de-dialogo-para-prevenir-y-erradicar-la-violencia-de-genero-de-desarrollaron-en-frontera-norte\/\">Read more &rarr;<\/a><\/p>\n","protected":false},"author":6,"featured_media":14037,"comment_status":"closed","ping_status":"closed","sticky":false,"template":"","format":"standard","meta":{"footnotes":""},"categories":[20,5,6],"tags":[28,46,35],"class_list":["post-14036","post","type-post","status-publish","format-standard","has-post-thumbnail","hentry","category-boletin-de-prensa","category-noticias","category-noticias-destacadas","tag-ddhh","tag-erradicaccion-de-la-violencia-contra-las-mujeres","tag-mujeres","xfolkentry"],"_links":{"self":[{"href":"https:\/\/www.ministeriodegobierno.gob.ec\/derechoshumanos\/wp-json\/wp\/v2\/posts\/14036","targetHints":{"allow":["GET"]}}],"collection":[{"href":"https:\/\/www.ministeriodegobierno.gob.ec\/derechoshumanos\/wp-json\/wp\/v2\/posts"}],"about":[{"href":"https:\/\/www.ministeriodegobierno.gob.ec\/derechoshumanos\/wp-json\/wp\/v2\/types\/post"}],"author":[{"embeddable":true,"href":"https:\/\/www.ministeriodegobierno.gob.ec\/derechoshumanos\/wp-json\/wp\/v2\/users\/6"}],"replies":[{"embeddable":true,"href":"https:\/\/www.ministeriodegobierno.gob.ec\/derechoshumanos\/wp-json\/wp\/v2\/comments?post=14036"}],"version-history":[{"count":2,"href":"https:\/\/www.ministeriodegobierno.gob.ec\/derechoshumanos\/wp-json\/wp\/v2\/posts\/14036\/revisions"}],"predecessor-version":[{"id":14039,"href":"https:\/\/www.ministeriodegobierno.gob.ec\/derechoshumanos\/wp-json\/wp\/v2\/posts\/14036\/revisions\/14039"}],"wp:featuredmedia":[{"embeddable":true,"href":"https:\/\/www.ministeriodegobierno.gob.ec\/derechoshumanos\/wp-json\/wp\/v2\/media\/14037"}],"wp:attachment":[{"href":"https:\/\/www.ministeriodegobierno.gob.ec\/derechoshumanos\/wp-json\/wp\/v2\/media?parent=14036"}],"wp:term":[{"taxonomy":"category","embeddable":true,"href":"https:\/\/www.ministeriodegobierno.gob.ec\/derechoshumanos\/wp-json\/wp\/v2\/categories?post=14036"},{"taxonomy":"post_tag","embeddable":true,"href":"https:\/\/www.ministeriodegobierno.gob.ec\/derechoshumanos\/wp-json\/wp\/v2\/tags?post=14036"}],"curies":[{"name":"wp","href":"https:\/\/api.w.org\/{rel}","templated":true}]}}