{"id":14043,"date":"2022-11-16T14:10:19","date_gmt":"2022-11-16T19:10:19","guid":{"rendered":"https:\/\/www.derechoshumanos.gob.ec\/?p=14043"},"modified":"2022-11-16T15:14:23","modified_gmt":"2022-11-16T20:14:23","slug":"personal-de-unidades-educativas-en-huaquillas-se-capacita-sobre-prevencion-y-erradicacion-de-la-violencia","status":"publish","type":"post","link":"https:\/\/www.ministeriodegobierno.gob.ec\/derechoshumanos\/2022\/11\/16\/personal-de-unidades-educativas-en-huaquillas-se-capacita-sobre-prevencion-y-erradicacion-de-la-violencia\/","title":{"rendered":"Capacitaci\u00f3n sobre prevenci\u00f3n y erradicaci\u00f3n de la violencia Huaquillas"},"content":{"rendered":"<p><strong>Huaquillas, 16 de noviembre de 2022.- <\/strong>La Secretar\u00eda de Derechos Humanos capacit\u00f3 a 56 personas entre directores, rectores e integrantes de los departamentos de consejer\u00eda\u00a0 estudiantil\u00a0 de las unidades educativas del cant\u00f3n Huaquillas, provincia de El Oro.<\/p>\n<p>El objetivo de este espacio fue informar sobre los mecanismos de protecci\u00f3n a v\u00edctimas ni\u00f1as, ni\u00f1os y adolescentes, adem\u00e1s de las rutas para el otorgamiento de medidas administrativas inmediatas de protecci\u00f3n y la ruta de atenci\u00f3n y denuncia de casos de violencia contra las mujeres, ni\u00f1as, ni\u00f1os y adolescentes en el sistema judicial.<\/p>\n<p>Sophia Cueva Mej\u00eda, coordinadora de la Oficina T\u00e9cnica 7, indic\u00f3: \u201cla Secretar\u00eda de Derechos Humanos como ente rector de la pol\u00edtica p\u00fablica para prevenir y erradicar la violencia contra las mujeres, cuenta con equipos t\u00e9cnicos multidisciplinarios, quienes trabajan en los 39 cantones de la Zona 7, nuestro compromiso es poder construir un Ecuador libre de todas las formas de violencia\u201d.<\/p>\n<p>La actividad se realiz\u00f3 en el sal\u00f3n Audit\u00f3rium del Gobierno Aut\u00f3nomo del cant\u00f3n Huaquillas con la coordinaci\u00f3n del Consejo Cantonal de Protecci\u00f3n de Derechos, Ministerio de Educaci\u00f3n, Ministerio de Salud, Defensor\u00eda del Pueblo, Polic\u00eda Nacional, Organizaci\u00f3n Jud\u00eda Global &#8211; HIAS, CARE Ecuador, Movimiento de Mujeres de El Oro, Fundaci\u00f3n ESQUEL.<\/p>\n","protected":false},"excerpt":{"rendered":"<p class=\"excerpt\">Huaquillas, 16 de noviembre de 2022.- La Secretar\u00eda de Derechos Humanos capacit\u00f3 a 56 personas entre directores, rectores e integrantes de los departamentos de consejer\u00eda\u00a0 estudiantil\u00a0 de las unidades educativas del cant\u00f3n Huaquillas, provincia de El Oro. El objetivo de este espacio fue informar sobre los mecanismos de protecci\u00f3n a v\u00edctimas ni\u00f1as, ni\u00f1os y adolescentes, adem\u00e1s de las rutas para&hellip; <a href=\"https:\/\/www.ministeriodegobierno.gob.ec\/derechoshumanos\/2022\/11\/16\/personal-de-unidades-educativas-en-huaquillas-se-capacita-sobre-prevencion-y-erradicacion-de-la-violencia\/\">Read more &rarr;<\/a><\/p>\n","protected":false},"author":10,"featured_media":14044,"comment_status":"closed","ping_status":"closed","sticky":false,"template":"","format":"standard","meta":{"footnotes":""},"categories":[26,5,6,1],"tags":[],"class_list":["post-14043","post","type-post","status-publish","format-standard","has-post-thumbnail","hentry","category-derechos-humanos","category-noticias","category-noticias-destacadas","category-sin-categoria","xfolkentry"],"_links":{"self":[{"href":"https:\/\/www.ministeriodegobierno.gob.ec\/derechoshumanos\/wp-json\/wp\/v2\/posts\/14043","targetHints":{"allow":["GET"]}}],"collection":[{"href":"https:\/\/www.ministeriodegobierno.gob.ec\/derechoshumanos\/wp-json\/wp\/v2\/posts"}],"about":[{"href":"https:\/\/www.ministeriodegobierno.gob.ec\/derechoshumanos\/wp-json\/wp\/v2\/types\/post"}],"author":[{"embeddable":true,"href":"https:\/\/www.ministeriodegobierno.gob.ec\/derechoshumanos\/wp-json\/wp\/v2\/users\/10"}],"replies":[{"embeddable":true,"href":"https:\/\/www.ministeriodegobierno.gob.ec\/derechoshumanos\/wp-json\/wp\/v2\/comments?post=14043"}],"version-history":[{"count":3,"href":"https:\/\/www.ministeriodegobierno.gob.ec\/derechoshumanos\/wp-json\/wp\/v2\/posts\/14043\/revisions"}],"predecessor-version":[{"id":14047,"href":"https:\/\/www.ministeriodegobierno.gob.ec\/derechoshumanos\/wp-json\/wp\/v2\/posts\/14043\/revisions\/14047"}],"wp:featuredmedia":[{"embeddable":true,"href":"https:\/\/www.ministeriodegobierno.gob.ec\/derechoshumanos\/wp-json\/wp\/v2\/media\/14044"}],"wp:attachment":[{"href":"https:\/\/www.ministeriodegobierno.gob.ec\/derechoshumanos\/wp-json\/wp\/v2\/media?parent=14043"}],"wp:term":[{"taxonomy":"category","embeddable":true,"href":"https:\/\/www.ministeriodegobierno.gob.ec\/derechoshumanos\/wp-json\/wp\/v2\/categories?post=14043"},{"taxonomy":"post_tag","embeddable":true,"href":"https:\/\/www.ministeriodegobierno.gob.ec\/derechoshumanos\/wp-json\/wp\/v2\/tags?post=14043"}],"curies":[{"name":"wp","href":"https:\/\/api.w.org\/{rel}","templated":true}]}}