{"id":14048,"date":"2022-11-17T09:52:10","date_gmt":"2022-11-17T14:52:10","guid":{"rendered":"https:\/\/www.derechoshumanos.gob.ec\/?p=14048"},"modified":"2022-11-17T10:12:34","modified_gmt":"2022-11-17T15:12:34","slug":"secretaria-de-derechos-humanos-capacito-sobre-atencion-prevencion-y-erradicacion-de-la-violencia-en-portoviejo","status":"publish","type":"post","link":"https:\/\/www.ministeriodegobierno.gob.ec\/derechoshumanos\/2022\/11\/17\/secretaria-de-derechos-humanos-capacito-sobre-atencion-prevencion-y-erradicacion-de-la-violencia-en-portoviejo\/","title":{"rendered":"En Portoviejo se capacit\u00f3 sobre atenci\u00f3n, prevenci\u00f3n y erradicaci\u00f3n de la violencia"},"content":{"rendered":"<p><strong>Portoviejo, 16 de noviembre del 2022._\u00a0 <\/strong>Atender, prevenir y erradicar la violencia de g\u00e9nero son los objetivos por los cuales la Secretar\u00eda de Derechos Humanos imparti\u00f3 16 talleres presenciales a 480 lideresas de los Centros de Atenci\u00f3n Primaria, desde abril a noviembre de 2022 en Portoviejo, mediante la articulaci\u00f3n interinstitucional con la Asociaci\u00f3n de Mujeres \u201cSanta Marta\u201d.<\/p>\n<p>El objetivo fue brindar los conocimientos adecuados para fortalecer la atenci\u00f3n a mujeres que han sido v\u00edctimas de violencia a nivel intrafamiliar y en contexto de riesgo.<\/p>\n<p>En este sentido, la sensibilizaci\u00f3n sobre el derecho de las mujeres a vivir una vida libre de violencia se realiz\u00f3 a trav\u00e9s de la metodolog\u00eda de din\u00e1micas con espacios de reflexi\u00f3n colectiva que parten desde la vivencia personal acompa\u00f1adas de t\u00e9cnicas de respiraci\u00f3n y relajaci\u00f3n para el control de las emociones.<\/p>\n<p>Los temas tratados fueron:<\/p>\n<ul>\n<li>La construcci\u00f3n de g\u00e9nero.<\/li>\n<li>Acceso a la justicia y exigibilidad de derechos.<\/li>\n<li>Paso a paso: \u00bfC\u00f3mo acompa\u00f1ar a las v\u00edctimas en situaci\u00f3n de crisis?<\/li>\n<li>Estrategias y recursos de intervenci\u00f3n ante casos de violencia.<\/li>\n<li>Evitar la revictimizaci\u00f3n o victimizaci\u00f3n secundaria<\/li>\n<li>T\u00e9cnicas para trabajar con v\u00edctimas<\/li>\n<li>Autocuidado para quienes acompa\u00f1an en casos de violencia<\/li>\n<li>Trabajar con la respiraci\u00f3n.<\/li>\n<li>Aprendiendo a reconocerme en el otro<\/li>\n<\/ul>\n<p>Juan Carlos Pe\u00f1afiel, coordinador de la Oficina T\u00e9cnica Zonal 4, mencion\u00f3 que es importante realizar procesos formativos para generar respuesta inmediata a las sobrevivientes de violencia a fin de ampliar la red de apoyo a ni\u00f1as y mujeres en el sector rural para prevenir esta problem\u00e1tica.<\/p>\n<p>Con este espacio las mujeres v\u00edctimas de violencia atendidas por las lideresas capacitadas podr\u00e1n replicar la informaci\u00f3n para crear grupos o redes de apoyo y fomentar una cultura de paz en cada una de sus comunidades.<\/p>\n<p>&nbsp;<\/p>\n<p>&nbsp;<\/p>\n","protected":false},"excerpt":{"rendered":"<p class=\"excerpt\">Portoviejo, 16 de noviembre del 2022._\u00a0 Atender, prevenir y erradicar la violencia de g\u00e9nero son los objetivos por los cuales la Secretar\u00eda de Derechos Humanos imparti\u00f3 16 talleres presenciales a 480 lideresas de los Centros de Atenci\u00f3n Primaria, desde abril a noviembre de 2022 en Portoviejo, mediante la articulaci\u00f3n interinstitucional con la Asociaci\u00f3n de Mujeres \u201cSanta Marta\u201d. El objetivo fue&hellip; <a href=\"https:\/\/www.ministeriodegobierno.gob.ec\/derechoshumanos\/2022\/11\/17\/secretaria-de-derechos-humanos-capacito-sobre-atencion-prevencion-y-erradicacion-de-la-violencia-en-portoviejo\/\">Read more &rarr;<\/a><\/p>\n","protected":false},"author":8,"featured_media":14049,"comment_status":"closed","ping_status":"closed","sticky":false,"template":"","format":"standard","meta":{"footnotes":""},"categories":[20,5,6],"tags":[56],"class_list":["post-14048","post","type-post","status-publish","format-standard","has-post-thumbnail","hentry","category-boletin-de-prensa","category-noticias","category-noticias-destacadas","tag-capacitaciones","xfolkentry"],"_links":{"self":[{"href":"https:\/\/www.ministeriodegobierno.gob.ec\/derechoshumanos\/wp-json\/wp\/v2\/posts\/14048","targetHints":{"allow":["GET"]}}],"collection":[{"href":"https:\/\/www.ministeriodegobierno.gob.ec\/derechoshumanos\/wp-json\/wp\/v2\/posts"}],"about":[{"href":"https:\/\/www.ministeriodegobierno.gob.ec\/derechoshumanos\/wp-json\/wp\/v2\/types\/post"}],"author":[{"embeddable":true,"href":"https:\/\/www.ministeriodegobierno.gob.ec\/derechoshumanos\/wp-json\/wp\/v2\/users\/8"}],"replies":[{"embeddable":true,"href":"https:\/\/www.ministeriodegobierno.gob.ec\/derechoshumanos\/wp-json\/wp\/v2\/comments?post=14048"}],"version-history":[{"count":3,"href":"https:\/\/www.ministeriodegobierno.gob.ec\/derechoshumanos\/wp-json\/wp\/v2\/posts\/14048\/revisions"}],"predecessor-version":[{"id":14054,"href":"https:\/\/www.ministeriodegobierno.gob.ec\/derechoshumanos\/wp-json\/wp\/v2\/posts\/14048\/revisions\/14054"}],"wp:featuredmedia":[{"embeddable":true,"href":"https:\/\/www.ministeriodegobierno.gob.ec\/derechoshumanos\/wp-json\/wp\/v2\/media\/14049"}],"wp:attachment":[{"href":"https:\/\/www.ministeriodegobierno.gob.ec\/derechoshumanos\/wp-json\/wp\/v2\/media?parent=14048"}],"wp:term":[{"taxonomy":"category","embeddable":true,"href":"https:\/\/www.ministeriodegobierno.gob.ec\/derechoshumanos\/wp-json\/wp\/v2\/categories?post=14048"},{"taxonomy":"post_tag","embeddable":true,"href":"https:\/\/www.ministeriodegobierno.gob.ec\/derechoshumanos\/wp-json\/wp\/v2\/tags?post=14048"}],"curies":[{"name":"wp","href":"https:\/\/api.w.org\/{rel}","templated":true}]}}