{"id":14057,"date":"2022-11-18T12:29:45","date_gmt":"2022-11-18T17:29:45","guid":{"rendered":"https:\/\/www.derechoshumanos.gob.ec\/?p=14057"},"modified":"2022-11-18T12:29:45","modified_gmt":"2022-11-18T17:29:45","slug":"el-dialogo-con-las-mujeres-llego-a-azuay-para-fortalecer-la-prevencion-y-erradicacion-de-la-violencia","status":"publish","type":"post","link":"https:\/\/www.ministeriodegobierno.gob.ec\/derechoshumanos\/2022\/11\/18\/el-dialogo-con-las-mujeres-llego-a-azuay-para-fortalecer-la-prevencion-y-erradicacion-de-la-violencia\/","title":{"rendered":"El di\u00e1logo con las mujeres lleg\u00f3 a Azuay para fortalecer la prevenci\u00f3n y erradicaci\u00f3n de la violencia"},"content":{"rendered":"<p><strong>Cuenca, 18 de noviembre de 2022.-<\/strong> La secretaria de Derechos Humanos, Paola Flores Jaramillo, presidi\u00f3, junto al gobernador del Azuay, Mat\u00edas Abad, y la jefa Pol\u00edtica, Estefan\u00eda Veintimilla, la Mesa de Di\u00e1logo con las Mujeres que se desarroll\u00f3 en la ciudad de Cuenca y que cont\u00f3 con la participaci\u00f3n de organizaciones de la sociedad civil y el Estado.<\/p>\n<p>En este espacio, la Secretaria de Derechos Humanos resalt\u00f3 la importancia de tomar acciones r\u00e1pidas y concretas frente al problema de la violencia que viven las mujeres y que es algo estructural.<\/p>\n<p>Se\u00f1al\u00f3 que el apoyo de la sociedad civil es fundamental para construir\u00a0 una hoja de ruta de acuerdo a las realidades territoriales y mirar soluciones: \u201cTenemos una Ley y un Plan que deben cumplirse por parte de las instituciones del Estado\u201d.<\/p>\n<p>Paola Flores indic\u00f3 que las mujeres en territorio necesitan el acceso inmediato a los servicios para prevenir, erradicar, atender y reparar los derechos de las mujeres que han sido v\u00edctimas de violencia y explic\u00f3 que en los pr\u00f3ximos meses la Secretar\u00eda se convertir\u00e1 en Ministerio, esto servir\u00e1 para fortalecer las acciones en territorio.<\/p>\n<p>En este espacio, divido en mesas tem\u00e1ticas, se trataron: prevenci\u00f3n, atenci\u00f3n, fortalecimiento del Sistema y protecci\u00f3n. Adem\u00e1s, se trataron temas de inter\u00e9s para los grupos y colectivos de la sociedad civil como: creaci\u00f3n del Ministerio de la Mujer y Derechos Humanos, implementaci\u00f3n del Registro \u00danico de Violencia, Centros Violeta, atenci\u00f3n de los Servicios de Protecci\u00f3n Integral.<\/p>\n<p>&nbsp;<\/p>\n","protected":false},"excerpt":{"rendered":"<p class=\"excerpt\">Cuenca, 18 de noviembre de 2022.- La secretaria de Derechos Humanos, Paola Flores Jaramillo, presidi\u00f3, junto al gobernador del Azuay, Mat\u00edas Abad, y la jefa Pol\u00edtica, Estefan\u00eda Veintimilla, la Mesa de Di\u00e1logo con las Mujeres que se desarroll\u00f3 en la ciudad de Cuenca y que cont\u00f3 con la participaci\u00f3n de organizaciones de la sociedad civil y el Estado. En este&hellip; <a href=\"https:\/\/www.ministeriodegobierno.gob.ec\/derechoshumanos\/2022\/11\/18\/el-dialogo-con-las-mujeres-llego-a-azuay-para-fortalecer-la-prevencion-y-erradicacion-de-la-violencia\/\">Read more &rarr;<\/a><\/p>\n","protected":false},"author":8,"featured_media":14058,"comment_status":"closed","ping_status":"closed","sticky":false,"template":"","format":"standard","meta":{"footnotes":""},"categories":[20,5,6],"tags":[56],"class_list":["post-14057","post","type-post","status-publish","format-standard","has-post-thumbnail","hentry","category-boletin-de-prensa","category-noticias","category-noticias-destacadas","tag-capacitaciones","xfolkentry"],"_links":{"self":[{"href":"https:\/\/www.ministeriodegobierno.gob.ec\/derechoshumanos\/wp-json\/wp\/v2\/posts\/14057","targetHints":{"allow":["GET"]}}],"collection":[{"href":"https:\/\/www.ministeriodegobierno.gob.ec\/derechoshumanos\/wp-json\/wp\/v2\/posts"}],"about":[{"href":"https:\/\/www.ministeriodegobierno.gob.ec\/derechoshumanos\/wp-json\/wp\/v2\/types\/post"}],"author":[{"embeddable":true,"href":"https:\/\/www.ministeriodegobierno.gob.ec\/derechoshumanos\/wp-json\/wp\/v2\/users\/8"}],"replies":[{"embeddable":true,"href":"https:\/\/www.ministeriodegobierno.gob.ec\/derechoshumanos\/wp-json\/wp\/v2\/comments?post=14057"}],"version-history":[{"count":1,"href":"https:\/\/www.ministeriodegobierno.gob.ec\/derechoshumanos\/wp-json\/wp\/v2\/posts\/14057\/revisions"}],"predecessor-version":[{"id":14059,"href":"https:\/\/www.ministeriodegobierno.gob.ec\/derechoshumanos\/wp-json\/wp\/v2\/posts\/14057\/revisions\/14059"}],"wp:featuredmedia":[{"embeddable":true,"href":"https:\/\/www.ministeriodegobierno.gob.ec\/derechoshumanos\/wp-json\/wp\/v2\/media\/14058"}],"wp:attachment":[{"href":"https:\/\/www.ministeriodegobierno.gob.ec\/derechoshumanos\/wp-json\/wp\/v2\/media?parent=14057"}],"wp:term":[{"taxonomy":"category","embeddable":true,"href":"https:\/\/www.ministeriodegobierno.gob.ec\/derechoshumanos\/wp-json\/wp\/v2\/categories?post=14057"},{"taxonomy":"post_tag","embeddable":true,"href":"https:\/\/www.ministeriodegobierno.gob.ec\/derechoshumanos\/wp-json\/wp\/v2\/tags?post=14057"}],"curies":[{"name":"wp","href":"https:\/\/api.w.org\/{rel}","templated":true}]}}